{"id":5013,"date":"2024-01-08T13:17:21","date_gmt":"2024-01-08T12:17:21","guid":{"rendered":"https:\/\/agora.xtec.cat\/ceip-catalunya-sabadell\/?p=5013"},"modified":"2024-01-08T13:17:21","modified_gmt":"2024-01-08T12:17:21","slug":"inauguracio-del-nou-menjador","status":"publish","type":"post","link":"https:\/\/agora.xtec.cat\/ceip-catalunya-sabadell\/portada\/inauguracio-del-nou-menjador\/","title":{"rendered":"INAUGURACI\u00d3 DEL NOU MENJADOR"},"content":{"rendered":"<p>Avui hem tornat a l&#8217;escola i ens hem trobat una gran sorpresa, un enorme regal&#8230;. el menjador de l&#8217;escola ha fet un gran canvi&#8230; est\u00e0 preci\u00f3s! Sembla un nou espai!<\/p>\n<p>Gr\u00e0cies al treball i dedicaci\u00f3 de les persones de l&#8217;AFA durant les vacances de Nadal, s&#8217;han rascat i pintat els sostres i les parets, s&#8217;ha canviat la pica de mans, s&#8217;han elaborat cortines a mida, s&#8217;han posat vinils decoratius i un rellotge i moltes altres tasques que han convertit el menjador en un espai m\u00e9s bonic i amable on els nostres infants podran dinar i fer altres activitats. Els colors i l&#8217;ambientaci\u00f3 \u00e9s harm\u00f2nica i ens ajudaran a convertir el moment de dinar en un espai de calma, alhora que anirem aprenent a tenir cura i respecte pels espais de l&#8217;escola.<\/p>\n<p>Us deixem uns v\u00eddeos i fotografies de la inauguraci\u00f3 que hem fet avui, on els nens i nenes de l&#8217;escola han descobert tot emocionats el nou menjador.<\/p>\n<p><a href=\"https:\/\/drive.google.com\/drive\/folders\/1sX6J4Eu7H0fxAIa3srS36OFM34y01hj_?usp=drive_link\"><img loading=\"lazy\" decoding=\"async\" class=\"alignnone size-medium wp-image-5014\" src=\"https:\/\/agora.xtec.cat\/ceip-catalunya-sabadell\/wp-content\/uploads\/usu823\/2024\/01\/IMG_3477-1-300x225.jpg\" alt=\"\" width=\"300\" height=\"225\" srcset=\"https:\/\/agora.xtec.cat\/ceip-catalunya-sabadell\/wp-content\/uploads\/usu823\/2024\/01\/IMG_3477-1-300x225.jpg 300w, https:\/\/agora.xtec.cat\/ceip-catalunya-sabadell\/wp-content\/uploads\/usu823\/2024\/01\/IMG_3477-1-1024x768.jpg 1024w, https:\/\/agora.xtec.cat\/ceip-catalunya-sabadell\/wp-content\/uploads\/usu823\/2024\/01\/IMG_3477-1-768x576.jpg 768w, https:\/\/agora.xtec.cat\/ceip-catalunya-sabadell\/wp-content\/uploads\/usu823\/2024\/01\/IMG_3477-1-1536x1152.jpg 1536w, https:\/\/agora.xtec.cat\/ceip-catalunya-sabadell\/wp-content\/uploads\/usu823\/2024\/01\/IMG_3477-1-2048x1536.jpg 2048w, https:\/\/agora.xtec.cat\/ceip-catalunya-sabadell\/wp-content\/uploads\/usu823\/2024\/01\/IMG_3477-1-200x150.jpg 200w\" sizes=\"auto, (max-width: 300px) 100vw, 300px\" \/><\/a><\/p>\n<p>Moltes gr\u00e0cies AFA! Estem molt contentes!<\/p>\n","protected":false},"excerpt":{"rendered":"<p>Avui hem tornat a l&#8217;escola i ens hem trobat una gran sorpresa, un enorme regal&#8230;. el menjador de l&#8217;escola ha fet un gran canvi&#8230; est\u00e0 preci\u00f3s! Sembla un nou espai!<br \/>\nGr\u00e0cies al treball i dedicaci\u00f3 de les persones de l&#8217;AFA durant les vacances de Nadal, s&#8217;han&hellip;  <a href=\"https:\/\/agora.xtec.cat\/ceip-catalunya-sabadell\/portada\/inauguracio-del-nou-menjador\/\" title=\"Read INAUGURACI\u00d3 DEL NOU MENJADOR\">Llegeix m\u00e9s\u00bb<\/a><\/p>\n","protected":false},"author":3,"featured_media":0,"comment_status":"open","ping_status":"closed","sticky":false,"template":"","format":"standard","meta":{"_bbp_topic_count":0,"_bbp_reply_count":0,"_bbp_total_topic_count":0,"_bbp_total_reply_count":0,"_bbp_voice_count":0,"_bbp_anonymous_reply_count":0,"_bbp_topic_count_hidden":0,"_bbp_reply_count_hidden":0,"_bbp_forum_subforum_count":0,"footnotes":""},"categories":[7,4],"tags":[],"class_list":["post-5013","post","type-post","status-publish","format-standard","hentry","category-ampa","category-portada"],"post_mailing_queue_ids":[],"_links":{"self":[{"href":"https:\/\/agora.xtec.cat\/ceip-catalunya-sabadell\/wp-json\/wp\/v2\/posts\/5013","targetHints":{"allow":["GET"]}}],"collection":[{"href":"https:\/\/agora.xtec.cat\/ceip-catalunya-sabadell\/wp-json\/wp\/v2\/posts"}],"about":[{"href":"https:\/\/agora.xtec.cat\/ceip-catalunya-sabadell\/wp-json\/wp\/v2\/types\/post"}],"author":[{"embeddable":true,"href":"https:\/\/agora.xtec.cat\/ceip-catalunya-sabadell\/wp-json\/wp\/v2\/users\/3"}],"replies":[{"embeddable":true,"href":"https:\/\/agora.xtec.cat\/ceip-catalunya-sabadell\/wp-json\/wp\/v2\/comments?post=5013"}],"version-history":[{"count":1,"href":"https:\/\/agora.xtec.cat\/ceip-catalunya-sabadell\/wp-json\/wp\/v2\/posts\/5013\/revisions"}],"predecessor-version":[{"id":5015,"href":"https:\/\/agora.xtec.cat\/ceip-catalunya-sabadell\/wp-json\/wp\/v2\/posts\/5013\/revisions\/5015"}],"wp:attachment":[{"href":"https:\/\/agora.xtec.cat\/ceip-catalunya-sabadell\/wp-json\/wp\/v2\/media?parent=5013"}],"wp:term":[{"taxonomy":"category","embeddable":true,"href":"https:\/\/agora.xtec.cat\/ceip-catalunya-sabadell\/wp-json\/wp\/v2\/categories?post=5013"},{"taxonomy":"post_tag","embeddable":true,"href":"https:\/\/agora.xtec.cat\/ceip-catalunya-sabadell\/wp-json\/wp\/v2\/tags?post=5013"}],"curies":[{"name":"wp","href":"https:\/\/api.w.org\/{rel}","templated":true}]}}