{"id":4997,"date":"2023-11-22T18:09:29","date_gmt":"2023-11-22T17:09:29","guid":{"rendered":"https:\/\/agora.xtec.cat\/ceip-catalunya-sabadell\/?p=4997"},"modified":"2023-11-24T08:47:23","modified_gmt":"2023-11-24T07:47:23","slug":"santa-cecilia-23","status":"publish","type":"post","link":"https:\/\/agora.xtec.cat\/ceip-catalunya-sabadell\/general\/santa-cecilia-23\/","title":{"rendered":"SANTA CEC\u00cdLIA 23&#8242;"},"content":{"rendered":"<p>Un any m\u00e9s, hem celebrat Santa Cec\u00edlia, patrona de la m\u00fasica amb moltes ganes i il\u00b7lusi\u00f3. L&#8217;alumnat de Prim\u00e0ria, des de 1r fins a 6\u00e8, han anat al Centre C\u00edvic de Can Rull i han interpretat can\u00e7ons sota el lema &#8220;Constru\u00efm plegats&#8221;. La m\u00fasica ens uneix, ens ajuda a aprendre, ens motiva i ens fa sentir emocions de tot tipus.<\/p>\n<p>A m\u00e9s, els nois i noies que toquen instruments ens han interpretat peces com a solistes. Gr\u00e0cies a les seves actuacions, hem pogut veure, con\u00e8ixer i escoltar instruments ben diferents com l&#8217;obo\u00e8, el fagot, la guitarra, el piano, el baix, el clarinet i l&#8217;acordi\u00f3.<\/p>\n<p>A la tarda, els solistes han visitat als nens i nenes m\u00e9s petits de l&#8217;escola i els han interpretat les seves peces a l&#8217;aula de m\u00fasica.<\/p>\n<p>Finalment, per tancar aquesta jornada tan musical, hem cantat plegats la can\u00e7\u00f3 &#8220;Mirall de Pau&#8221; que forma part del programa &#8220;L&#8217;art al servei dels ODS&#8221; (Objectius de Desenvolupament sostenible)<\/p>\n<p>Podeu veure les fotografies i v\u00eddeos del concert, clicant <a href=\"https:\/\/drive.google.com\/drive\/folders\/1kGz7J43SadVYCpAVgzUgrxueCjz4Wot5?usp=drive_link\">aqu\u00ed<\/a>:<\/p>\n<p><a href=\"https:\/\/drive.google.com\/drive\/folders\/1kGz7J43SadVYCpAVgzUgrxueCjz4Wot5?usp=drive_link\"><img loading=\"lazy\" decoding=\"async\" class=\"alignnone size-medium wp-image-4998\" src=\"https:\/\/agora.xtec.cat\/ceip-catalunya-sabadell\/wp-content\/uploads\/usu823\/2023\/11\/IMG_20231122_112704-1-300x225.jpg\" alt=\"\" width=\"300\" height=\"225\" srcset=\"https:\/\/agora.xtec.cat\/ceip-catalunya-sabadell\/wp-content\/uploads\/usu823\/2023\/11\/IMG_20231122_112704-1-300x225.jpg 300w, https:\/\/agora.xtec.cat\/ceip-catalunya-sabadell\/wp-content\/uploads\/usu823\/2023\/11\/IMG_20231122_112704-1-1024x768.jpg 1024w, https:\/\/agora.xtec.cat\/ceip-catalunya-sabadell\/wp-content\/uploads\/usu823\/2023\/11\/IMG_20231122_112704-1-768x576.jpg 768w, https:\/\/agora.xtec.cat\/ceip-catalunya-sabadell\/wp-content\/uploads\/usu823\/2023\/11\/IMG_20231122_112704-1-1536x1152.jpg 1536w, https:\/\/agora.xtec.cat\/ceip-catalunya-sabadell\/wp-content\/uploads\/usu823\/2023\/11\/IMG_20231122_112704-1-2048x1536.jpg 2048w, https:\/\/agora.xtec.cat\/ceip-catalunya-sabadell\/wp-content\/uploads\/usu823\/2023\/11\/IMG_20231122_112704-1-200x150.jpg 200w\" sizes=\"auto, (max-width: 300px) 100vw, 300px\" \/><\/a><\/p>\n<p>Feli\u00e7 Santa Cec\u00edlia! Que no s&#8217;aturi la m\u00fasica!<\/p>\n","protected":false},"excerpt":{"rendered":"<p>Un any m\u00e9s, hem celebrat Santa Cec\u00edlia, patrona de la m\u00fasica amb moltes ganes i il\u00b7lusi\u00f3. L&#8217;alumnat de Prim\u00e0ria, des de 1r fins a 6\u00e8, han anat al Centre C\u00edvic de Can Rull i han interpretat can\u00e7ons sota el lema &#8220;Constru\u00efm plegats&#8221;. La m\u00fasica ens&hellip;  <a href=\"https:\/\/agora.xtec.cat\/ceip-catalunya-sabadell\/general\/santa-cecilia-23\/\" title=\"Read SANTA CEC\u00cdLIA 23&#8242;\">Llegeix m\u00e9s\u00bb<\/a><\/p>\n","protected":false},"author":3,"featured_media":0,"comment_status":"open","ping_status":"closed","sticky":false,"template":"","format":"standard","meta":{"_bbp_topic_count":0,"_bbp_reply_count":0,"_bbp_total_topic_count":0,"_bbp_total_reply_count":0,"_bbp_voice_count":0,"_bbp_anonymous_reply_count":0,"_bbp_topic_count_hidden":0,"_bbp_reply_count_hidden":0,"_bbp_forum_subforum_count":0,"footnotes":""},"categories":[36,1,44,4],"tags":[],"class_list":["post-4997","post","type-post","status-publish","format-standard","hentry","category-festes","category-general","category-musica","category-portada"],"post_mailing_queue_ids":[],"_links":{"self":[{"href":"https:\/\/agora.xtec.cat\/ceip-catalunya-sabadell\/wp-json\/wp\/v2\/posts\/4997","targetHints":{"allow":["GET"]}}],"collection":[{"href":"https:\/\/agora.xtec.cat\/ceip-catalunya-sabadell\/wp-json\/wp\/v2\/posts"}],"about":[{"href":"https:\/\/agora.xtec.cat\/ceip-catalunya-sabadell\/wp-json\/wp\/v2\/types\/post"}],"author":[{"embeddable":true,"href":"https:\/\/agora.xtec.cat\/ceip-catalunya-sabadell\/wp-json\/wp\/v2\/users\/3"}],"replies":[{"embeddable":true,"href":"https:\/\/agora.xtec.cat\/ceip-catalunya-sabadell\/wp-json\/wp\/v2\/comments?post=4997"}],"version-history":[{"count":2,"href":"https:\/\/agora.xtec.cat\/ceip-catalunya-sabadell\/wp-json\/wp\/v2\/posts\/4997\/revisions"}],"predecessor-version":[{"id":5000,"href":"https:\/\/agora.xtec.cat\/ceip-catalunya-sabadell\/wp-json\/wp\/v2\/posts\/4997\/revisions\/5000"}],"wp:attachment":[{"href":"https:\/\/agora.xtec.cat\/ceip-catalunya-sabadell\/wp-json\/wp\/v2\/media?parent=4997"}],"wp:term":[{"taxonomy":"category","embeddable":true,"href":"https:\/\/agora.xtec.cat\/ceip-catalunya-sabadell\/wp-json\/wp\/v2\/categories?post=4997"},{"taxonomy":"post_tag","embeddable":true,"href":"https:\/\/agora.xtec.cat\/ceip-catalunya-sabadell\/wp-json\/wp\/v2\/tags?post=4997"}],"curies":[{"name":"wp","href":"https:\/\/api.w.org\/{rel}","templated":true}]}}