{"id":4979,"date":"2023-10-31T11:49:08","date_gmt":"2023-10-31T10:49:08","guid":{"rendered":"https:\/\/agora.xtec.cat\/ceip-catalunya-sabadell\/?p=4979"},"modified":"2023-10-31T11:49:08","modified_gmt":"2023-10-31T10:49:08","slug":"eleccions-consell-escolar","status":"publish","type":"post","link":"https:\/\/agora.xtec.cat\/ceip-catalunya-sabadell\/portada\/eleccions-consell-escolar\/","title":{"rendered":"ELECCIONS CONSELL ESCOLAR"},"content":{"rendered":"<p><span style=\"font-family: verdana, sans-serif;\">S&#8217;inicia el proc\u00e9s d&#8217;eleccions del Consell Escolar del Centre.\u00a0<\/span><\/p>\n<p>Des d&#8217;aquest mat\u00ed teniu els cens publicat al taulell de dins l&#8217;escola per tal que pugueu comprovar que estigueu al llistat i aix\u00ed pugueu votar el dia\u00a0<b>24 de novembre de 2024.<\/b><\/p>\n<p><span style=\"font-family: verdana, sans-serif;\">Necessitem renovar dues persones del sector fam\u00edlies, per tant, us animem a qu\u00e8 us presenteu, \u00e9s una bona oportunitat per con\u00e8ixer l&#8217;escola des d&#8217;una altra perspectiva.<\/span><\/p>\n<p><span style=\"font-family: verdana, sans-serif;\">Podeu presentar les vostres candidatures durant la setmana del 6 al 10 de novembre. Us podeu adre\u00e7ar a Direcci\u00f3 per comunicar-ho.\u00a0<\/span><\/p>\n<p>Us adjuntem el calendari de tot el proc\u00e9s:\u00a0<span style=\"font-family: verdana, sans-serif;\"><br \/>\n<\/span><\/p>\n<p>&#8211; Sorteig fam\u00edlies Mesa: 3 de novembre de 2023<\/p>\n<p>&#8211; Presentaci\u00f3 de Candidatures: del 6 al 10 de novembre de 2023<\/p>\n<p><span style=\"font-family: verdana, sans-serif;\">&#8211; Publicaci\u00f3 Cens definitiu: 7 de novembre de 2023<\/span><\/p>\n<p><span style=\"font-family: verdana, sans-serif;\">&#8211; Publicaci\u00f3 de les Meses: 13 de novembre de 2023<\/span><\/p>\n<p><span style=\"font-family: verdana, sans-serif;\">&#8211; Publicaci\u00f3 Candidatures: 13 de novembre de 2023<\/span><\/p>\n<p><span style=\"font-family: verdana, sans-serif;\">&#8211; \u00daltim dia per a presentar sol\u00b7licituds per actuar com a supervisor: 17 de novembre de 2023<\/span><\/p>\n<p><span style=\"font-family: verdana, sans-serif;\">&#8211; Votacions: 24 de novembre\u00a0de 2023<\/span><\/p>\n<p><span style=\"font-family: verdana, sans-serif;\">&#8211; Publicaci\u00f3 resultats de la votaci\u00f3: 27 de novembre de 2023<\/span><\/p>\n<p>Si teniu qualsevol dubte podeu enviar-nos un correu o trucar al tel\u00e8fon de l&#8217;escola.<\/p>\n<p>&nbsp;<\/p>\n<p>Equip directiu<\/p>\n","protected":false},"excerpt":{"rendered":"<p>S&#8217;inicia el proc\u00e9s d&#8217;eleccions del Consell Escolar del Centre.\u00a0<br \/>\nDes d&#8217;aquest mat\u00ed teniu els cens publicat al taulell de dins l&#8217;escola per tal que pugueu comprovar que estigueu al llistat i aix\u00ed pugueu votar el dia\u00a024 de novembre de 2024.<br \/>\nNecessitem renovar dues persones del sector fam\u00edlies,&hellip;  <a href=\"https:\/\/agora.xtec.cat\/ceip-catalunya-sabadell\/portada\/eleccions-consell-escolar\/\" title=\"Read ELECCIONS CONSELL ESCOLAR\">Llegeix m\u00e9s\u00bb<\/a><\/p>\n","protected":false},"author":3,"featured_media":0,"comment_status":"open","ping_status":"closed","sticky":false,"template":"","format":"standard","meta":{"_bbp_topic_count":0,"_bbp_reply_count":0,"_bbp_total_topic_count":0,"_bbp_total_reply_count":0,"_bbp_voice_count":0,"_bbp_anonymous_reply_count":0,"_bbp_topic_count_hidden":0,"_bbp_reply_count_hidden":0,"_bbp_forum_subforum_count":0,"footnotes":""},"categories":[4],"tags":[129],"class_list":["post-4979","post","type-post","status-publish","format-standard","hentry","category-portada","tag-consell-escolar"],"post_mailing_queue_ids":[],"_links":{"self":[{"href":"https:\/\/agora.xtec.cat\/ceip-catalunya-sabadell\/wp-json\/wp\/v2\/posts\/4979","targetHints":{"allow":["GET"]}}],"collection":[{"href":"https:\/\/agora.xtec.cat\/ceip-catalunya-sabadell\/wp-json\/wp\/v2\/posts"}],"about":[{"href":"https:\/\/agora.xtec.cat\/ceip-catalunya-sabadell\/wp-json\/wp\/v2\/types\/post"}],"author":[{"embeddable":true,"href":"https:\/\/agora.xtec.cat\/ceip-catalunya-sabadell\/wp-json\/wp\/v2\/users\/3"}],"replies":[{"embeddable":true,"href":"https:\/\/agora.xtec.cat\/ceip-catalunya-sabadell\/wp-json\/wp\/v2\/comments?post=4979"}],"version-history":[{"count":1,"href":"https:\/\/agora.xtec.cat\/ceip-catalunya-sabadell\/wp-json\/wp\/v2\/posts\/4979\/revisions"}],"predecessor-version":[{"id":4980,"href":"https:\/\/agora.xtec.cat\/ceip-catalunya-sabadell\/wp-json\/wp\/v2\/posts\/4979\/revisions\/4980"}],"wp:attachment":[{"href":"https:\/\/agora.xtec.cat\/ceip-catalunya-sabadell\/wp-json\/wp\/v2\/media?parent=4979"}],"wp:term":[{"taxonomy":"category","embeddable":true,"href":"https:\/\/agora.xtec.cat\/ceip-catalunya-sabadell\/wp-json\/wp\/v2\/categories?post=4979"},{"taxonomy":"post_tag","embeddable":true,"href":"https:\/\/agora.xtec.cat\/ceip-catalunya-sabadell\/wp-json\/wp\/v2\/tags?post=4979"}],"curies":[{"name":"wp","href":"https:\/\/api.w.org\/{rel}","templated":true}]}}