{"id":4924,"date":"2023-06-27T13:35:38","date_gmt":"2023-06-27T11:35:38","guid":{"rendered":"https:\/\/agora.xtec.cat\/ceip-catalunya-sabadell\/?p=4924"},"modified":"2023-06-28T08:38:51","modified_gmt":"2023-06-28T06:38:51","slug":"projecte-dels-noms-de-la-classe","status":"publish","type":"post","link":"https:\/\/agora.xtec.cat\/ceip-catalunya-sabadell\/general\/projecte-dels-noms-de-la-classe\/","title":{"rendered":"Documentaci\u00f3 dels \u00faltims projectes d&#8217;I3"},"content":{"rendered":"<p>Benvolgudes fam\u00edlies,<\/p>\n<p>Us deixem dos enlla\u00e7os de la documentaci\u00f3 dels \u00faltims projectes que hem realitzat aquest curs d&#8217;EI3. L&#8217;objectiu \u00e9s deixar un petit tastet d&#8217;algunes de les coses que hem fet a l&#8217;aula aquest curs.<\/p>\n<p>Esperem que gaudiu molt!<\/p>\n<p>Mestres d&#8217;EI3<\/p>\n<p>(cliqueu a sota)<\/p>\n<p><a style=\"font-family: inherit; font-size: 1em;\" href=\"https:\/\/agora.xtec.cat\/ceip-catalunya-sabadell\/wp-content\/uploads\/usu823\/2023\/06\/Documentacio-del-treball-del-nom-1.pdf\">Documentaci\u00f3 del treball del nom<\/a><\/p>\n<p><a href=\"https:\/\/agora.xtec.cat\/ceip-catalunya-sabadell\/wp-content\/uploads\/usu823\/2023\/06\/Documentacio-projecte-Els-tres-porquets.pdf\">Documentaci\u00f3 projecte Els tres porquets<\/a><\/p>\n","protected":false},"excerpt":{"rendered":"<p>Benvolgudes fam\u00edlies,<br \/>\nUs deixem dos enlla\u00e7os de la documentaci\u00f3 dels \u00faltims projectes que hem realitzat aquest curs d&#8217;EI3. L&#8217;objectiu \u00e9s deixar un petit tastet d&#8217;algunes de les coses que hem fet a l&#8217;aula aquest curs.<br \/>\nEsperem que gaudiu molt!<br \/>\nMestres d&#8217;EI3<br \/>\n(cliqueu a sota)<br \/>\n<a style=\"font-family: inherit; font-size: 1em;\" href=\"https:\/\/agora.xtec.cat\/ceip-catalunya-sabadell\/wp-content\/uploads\/usu823\/2023\/06\/Documentacio-del-treball-del-nom-1.pdf\">Documentaci\u00f3&hellip;  <a href=\"https:\/\/agora.xtec.cat\/ceip-catalunya-sabadell\/general\/projecte-dels-noms-de-la-classe\/\" title=\"Read Documentaci\u00f3 dels \u00faltims projectes d&#8217;I3\">Llegeix m\u00e9s\u00bb<\/a><\/p>\n","protected":false},"author":75,"featured_media":0,"comment_status":"open","ping_status":"closed","sticky":false,"template":"","format":"standard","meta":{"_bbp_topic_count":0,"_bbp_reply_count":0,"_bbp_total_topic_count":0,"_bbp_total_reply_count":0,"_bbp_voice_count":0,"_bbp_anonymous_reply_count":0,"_bbp_topic_count_hidden":0,"_bbp_reply_count_hidden":0,"_bbp_forum_subforum_count":0,"footnotes":""},"categories":[1,134],"tags":[],"class_list":["post-4924","post","type-post","status-publish","format-standard","hentry","category-general","category-promocio-22-31"],"post_mailing_queue_ids":[],"_links":{"self":[{"href":"https:\/\/agora.xtec.cat\/ceip-catalunya-sabadell\/wp-json\/wp\/v2\/posts\/4924","targetHints":{"allow":["GET"]}}],"collection":[{"href":"https:\/\/agora.xtec.cat\/ceip-catalunya-sabadell\/wp-json\/wp\/v2\/posts"}],"about":[{"href":"https:\/\/agora.xtec.cat\/ceip-catalunya-sabadell\/wp-json\/wp\/v2\/types\/post"}],"author":[{"embeddable":true,"href":"https:\/\/agora.xtec.cat\/ceip-catalunya-sabadell\/wp-json\/wp\/v2\/users\/75"}],"replies":[{"embeddable":true,"href":"https:\/\/agora.xtec.cat\/ceip-catalunya-sabadell\/wp-json\/wp\/v2\/comments?post=4924"}],"version-history":[{"count":3,"href":"https:\/\/agora.xtec.cat\/ceip-catalunya-sabadell\/wp-json\/wp\/v2\/posts\/4924\/revisions"}],"predecessor-version":[{"id":4932,"href":"https:\/\/agora.xtec.cat\/ceip-catalunya-sabadell\/wp-json\/wp\/v2\/posts\/4924\/revisions\/4932"}],"wp:attachment":[{"href":"https:\/\/agora.xtec.cat\/ceip-catalunya-sabadell\/wp-json\/wp\/v2\/media?parent=4924"}],"wp:term":[{"taxonomy":"category","embeddable":true,"href":"https:\/\/agora.xtec.cat\/ceip-catalunya-sabadell\/wp-json\/wp\/v2\/categories?post=4924"},{"taxonomy":"post_tag","embeddable":true,"href":"https:\/\/agora.xtec.cat\/ceip-catalunya-sabadell\/wp-json\/wp\/v2\/tags?post=4924"}],"curies":[{"name":"wp","href":"https:\/\/api.w.org\/{rel}","templated":true}]}}