{"id":4920,"date":"2023-06-22T13:16:12","date_gmt":"2023-06-22T11:16:12","guid":{"rendered":"https:\/\/agora.xtec.cat\/ceip-catalunya-sabadell\/?p=4920"},"modified":"2023-06-22T13:16:12","modified_gmt":"2023-06-22T11:16:12","slug":"bones-vacances","status":"publish","type":"post","link":"https:\/\/agora.xtec.cat\/ceip-catalunya-sabadell\/portada\/bones-vacances\/","title":{"rendered":"Bones vacances!"},"content":{"rendered":"<p>Ja hem arribat al final del curs 22-23! Avui per combatre la calor hem fet una bona ballaruca i un gelat!<\/p>\n<p>I ahir vam fer l&#8217;acomiadament al nostre estimat alumnat de sis\u00e8 que ja marxa cap a l&#8217;institut \ud83d\ude09<\/p>\n<p>Si cliqueu a les imatges, podeu veure qu\u00e8 b\u00e9 que ens ho hem passat aquests dies!<\/p>\n<p>&nbsp;<\/p>\n<p><a href=\"https:\/\/drive.google.com\/drive\/folders\/13JrACOX8DRzhCu3qudnnRqwjTPXiCcer?usp=sharing\"><img loading=\"lazy\" decoding=\"async\" class=\"alignnone\" src=\"https:\/\/agora.xtec.cat\/ceipfarigolaclot\/wp-content\/uploads\/usu983\/2021\/10\/9.png\" alt=\"6\u00e8: full d'autoritzaci\u00f3 de cessi\u00f3 de dades | Escola La ...\" width=\"279\" height=\"279\" \/><\/a>\u00a0 \u00a0 \u00a0 \u00a0 \u00a0 \u00a0 \u00a0 \u00a0 \u00a0 \u00a0 \u00a0 \u00a0 \u00a0 \u00a0 \u00a0 \u00a0 \u00a0 \u00a0\u00a0<a href=\"https:\/\/drive.google.com\/drive\/folders\/1blpK0R-mVnlSFrte7GMUfJicyFLayf43?usp=sharing\"><img loading=\"lazy\" decoding=\"async\" class=\"\" src=\"https:\/\/encrypted-tbn0.gstatic.com\/images?q=tbn:ANd9GcT6jmFmJWPbxDbce-FV-YPW7ZmB-OvmOXTsuA&amp;usqp=CAU\" alt=\"Glas Nature - Fruita i Verdura feta gelat\" width=\"349\" height=\"277\" \/><\/a><span style=\"font-family: inherit;font-size: 1em\">\u00a0 \u00a0 \u00a0<\/span><\/p>\n","protected":false},"excerpt":{"rendered":"<p>Ja hem arribat al final del curs 22-23! Avui per combatre la calor hem fet una bona ballaruca i un gelat!<br \/>\nI ahir vam fer l&#8217;acomiadament al nostre estimat alumnat de sis\u00e8 que ja marxa cap a l&#8217;institut \ud83d\ude09<br \/>\nSi cliqueu a les imatges, podeu veure qu\u00e8&hellip;  <a href=\"https:\/\/agora.xtec.cat\/ceip-catalunya-sabadell\/portada\/bones-vacances\/\" title=\"Read Bones vacances!\">Llegeix m\u00e9s\u00bb<\/a><\/p>\n","protected":false},"author":22,"featured_media":0,"comment_status":"open","ping_status":"closed","sticky":false,"template":"","format":"standard","meta":{"_bbp_topic_count":0,"_bbp_reply_count":0,"_bbp_total_topic_count":0,"_bbp_total_reply_count":0,"_bbp_voice_count":0,"_bbp_anonymous_reply_count":0,"_bbp_topic_count_hidden":0,"_bbp_reply_count_hidden":0,"_bbp_forum_subforum_count":0,"footnotes":""},"categories":[4],"tags":[],"class_list":["post-4920","post","type-post","status-publish","format-standard","hentry","category-portada"],"post_mailing_queue_ids":[],"_links":{"self":[{"href":"https:\/\/agora.xtec.cat\/ceip-catalunya-sabadell\/wp-json\/wp\/v2\/posts\/4920","targetHints":{"allow":["GET"]}}],"collection":[{"href":"https:\/\/agora.xtec.cat\/ceip-catalunya-sabadell\/wp-json\/wp\/v2\/posts"}],"about":[{"href":"https:\/\/agora.xtec.cat\/ceip-catalunya-sabadell\/wp-json\/wp\/v2\/types\/post"}],"author":[{"embeddable":true,"href":"https:\/\/agora.xtec.cat\/ceip-catalunya-sabadell\/wp-json\/wp\/v2\/users\/22"}],"replies":[{"embeddable":true,"href":"https:\/\/agora.xtec.cat\/ceip-catalunya-sabadell\/wp-json\/wp\/v2\/comments?post=4920"}],"version-history":[{"count":1,"href":"https:\/\/agora.xtec.cat\/ceip-catalunya-sabadell\/wp-json\/wp\/v2\/posts\/4920\/revisions"}],"predecessor-version":[{"id":4921,"href":"https:\/\/agora.xtec.cat\/ceip-catalunya-sabadell\/wp-json\/wp\/v2\/posts\/4920\/revisions\/4921"}],"wp:attachment":[{"href":"https:\/\/agora.xtec.cat\/ceip-catalunya-sabadell\/wp-json\/wp\/v2\/media?parent=4920"}],"wp:term":[{"taxonomy":"category","embeddable":true,"href":"https:\/\/agora.xtec.cat\/ceip-catalunya-sabadell\/wp-json\/wp\/v2\/categories?post=4920"},{"taxonomy":"post_tag","embeddable":true,"href":"https:\/\/agora.xtec.cat\/ceip-catalunya-sabadell\/wp-json\/wp\/v2\/tags?post=4920"}],"curies":[{"name":"wp","href":"https:\/\/api.w.org\/{rel}","templated":true}]}}