{"id":4916,"date":"2023-06-20T12:56:48","date_gmt":"2023-06-20T10:56:48","guid":{"rendered":"https:\/\/agora.xtec.cat\/ceip-catalunya-sabadell\/?p=4916"},"modified":"2023-06-20T12:57:31","modified_gmt":"2023-06-20T10:57:31","slug":"titelles-a-1r-2","status":"publish","type":"post","link":"https:\/\/agora.xtec.cat\/ceip-catalunya-sabadell\/general\/titelles-a-1r-2\/","title":{"rendered":"TITELLES a 1r"},"content":{"rendered":"<p><span style=\"font-weight: 400;\">Ja tenim aqu\u00ed les magn\u00edfiques titelles de 1r! Com podreu veure, hem fet la nostra pr\u00f2pia versi\u00f3 del conte d\u2019&#8221;El monstre dels colors&#8221; i &#8220;La papallona lila&#8221;.\u00a0<\/span><\/p>\n<p><span style=\"font-weight: 400;\">Esperem que gaudiu molt de les representacions!<\/span><\/p>\n<p>Cliqueu a la imatge per accedir als v\u00eddeos i fotografies:<\/p>\n<p><a href=\"https:\/\/drive.google.com\/drive\/folders\/1xGTQsPK71omgWuGO_1yud0JK4liJOEDk?usp=sharing\"><img loading=\"lazy\" decoding=\"async\" class=\"alignnone size-medium wp-image-4918\" src=\"https:\/\/agora.xtec.cat\/ceip-catalunya-sabadell\/wp-content\/uploads\/usu823\/2023\/06\/IMG_7169-1-300x225.jpg\" alt=\"\" width=\"300\" height=\"225\" srcset=\"https:\/\/agora.xtec.cat\/ceip-catalunya-sabadell\/wp-content\/uploads\/usu823\/2023\/06\/IMG_7169-1-300x225.jpg 300w, https:\/\/agora.xtec.cat\/ceip-catalunya-sabadell\/wp-content\/uploads\/usu823\/2023\/06\/IMG_7169-1-1024x768.jpg 1024w, https:\/\/agora.xtec.cat\/ceip-catalunya-sabadell\/wp-content\/uploads\/usu823\/2023\/06\/IMG_7169-1-768x576.jpg 768w, https:\/\/agora.xtec.cat\/ceip-catalunya-sabadell\/wp-content\/uploads\/usu823\/2023\/06\/IMG_7169-1-1536x1152.jpg 1536w, https:\/\/agora.xtec.cat\/ceip-catalunya-sabadell\/wp-content\/uploads\/usu823\/2023\/06\/IMG_7169-1-2048x1536.jpg 2048w, https:\/\/agora.xtec.cat\/ceip-catalunya-sabadell\/wp-content\/uploads\/usu823\/2023\/06\/IMG_7169-1-200x150.jpg 200w\" sizes=\"auto, (max-width: 300px) 100vw, 300px\" \/><\/a><\/p>\n","protected":false},"excerpt":{"rendered":"<p>Ja tenim aqu\u00ed les magn\u00edfiques titelles de 1r! Com podreu veure, hem fet la nostra pr\u00f2pia versi\u00f3 del conte d\u2019&#8221;El monstre dels colors&#8221; i &#8220;La papallona lila&#8221;.\u00a0<br \/>\nEsperem que gaudiu molt de les representacions!<br \/>\nCliqueu a la imatge per accedir als v\u00eddeos i fotografies:<br \/>\n<a href=\"https:\/\/drive.google.com\/drive\/folders\/1xGTQsPK71omgWuGO_1yud0JK4liJOEDk?usp=sharing\"><\/a><\/p>\n","protected":false},"author":3,"featured_media":0,"comment_status":"open","ping_status":"closed","sticky":false,"template":"","format":"standard","meta":{"_bbp_topic_count":0,"_bbp_reply_count":0,"_bbp_total_topic_count":0,"_bbp_total_reply_count":0,"_bbp_voice_count":0,"_bbp_anonymous_reply_count":0,"_bbp_topic_count_hidden":0,"_bbp_reply_count_hidden":0,"_bbp_forum_subforum_count":0,"footnotes":""},"categories":[1,4,37],"tags":[],"class_list":["post-4916","post","type-post","status-publish","format-standard","hentry","category-general","category-portada","category-teatre"],"post_mailing_queue_ids":[],"_links":{"self":[{"href":"https:\/\/agora.xtec.cat\/ceip-catalunya-sabadell\/wp-json\/wp\/v2\/posts\/4916","targetHints":{"allow":["GET"]}}],"collection":[{"href":"https:\/\/agora.xtec.cat\/ceip-catalunya-sabadell\/wp-json\/wp\/v2\/posts"}],"about":[{"href":"https:\/\/agora.xtec.cat\/ceip-catalunya-sabadell\/wp-json\/wp\/v2\/types\/post"}],"author":[{"embeddable":true,"href":"https:\/\/agora.xtec.cat\/ceip-catalunya-sabadell\/wp-json\/wp\/v2\/users\/3"}],"replies":[{"embeddable":true,"href":"https:\/\/agora.xtec.cat\/ceip-catalunya-sabadell\/wp-json\/wp\/v2\/comments?post=4916"}],"version-history":[{"count":2,"href":"https:\/\/agora.xtec.cat\/ceip-catalunya-sabadell\/wp-json\/wp\/v2\/posts\/4916\/revisions"}],"predecessor-version":[{"id":4919,"href":"https:\/\/agora.xtec.cat\/ceip-catalunya-sabadell\/wp-json\/wp\/v2\/posts\/4916\/revisions\/4919"}],"wp:attachment":[{"href":"https:\/\/agora.xtec.cat\/ceip-catalunya-sabadell\/wp-json\/wp\/v2\/media?parent=4916"}],"wp:term":[{"taxonomy":"category","embeddable":true,"href":"https:\/\/agora.xtec.cat\/ceip-catalunya-sabadell\/wp-json\/wp\/v2\/categories?post=4916"},{"taxonomy":"post_tag","embeddable":true,"href":"https:\/\/agora.xtec.cat\/ceip-catalunya-sabadell\/wp-json\/wp\/v2\/tags?post=4916"}],"curies":[{"name":"wp","href":"https:\/\/api.w.org\/{rel}","templated":true}]}}