{"id":4909,"date":"2023-05-29T15:49:15","date_gmt":"2023-05-29T13:49:15","guid":{"rendered":"https:\/\/agora.xtec.cat\/ceip-catalunya-sabadell\/?p=4909"},"modified":"2023-05-29T15:49:15","modified_gmt":"2023-05-29T13:49:15","slug":"el-petit-princep-2023","status":"publish","type":"post","link":"https:\/\/agora.xtec.cat\/ceip-catalunya-sabadell\/portada\/el-petit-princep-2023\/","title":{"rendered":"EL PETIT PR\u00cdNCEP 2023"},"content":{"rendered":"<p><a href=\"https:\/\/drive.google.com\/drive\/folders\/1rJj6MpwGDJ5nmsw2nHcIuaskqaw-xjIS?usp=share_link\"><img loading=\"lazy\" decoding=\"async\" class=\"alignright wp-image-4911 size-medium\" src=\"https:\/\/agora.xtec.cat\/ceip-catalunya-sabadell\/wp-content\/uploads\/usu823\/2023\/05\/petit-princep-1-212x300.png\" alt=\"\" width=\"212\" height=\"300\" srcset=\"https:\/\/agora.xtec.cat\/ceip-catalunya-sabadell\/wp-content\/uploads\/usu823\/2023\/05\/petit-princep-1-212x300.png 212w, https:\/\/agora.xtec.cat\/ceip-catalunya-sabadell\/wp-content\/uploads\/usu823\/2023\/05\/petit-princep-1-724x1024.png 724w, https:\/\/agora.xtec.cat\/ceip-catalunya-sabadell\/wp-content\/uploads\/usu823\/2023\/05\/petit-princep-1-768x1086.png 768w, https:\/\/agora.xtec.cat\/ceip-catalunya-sabadell\/wp-content\/uploads\/usu823\/2023\/05\/petit-princep-1-1086x1536.png 1086w, https:\/\/agora.xtec.cat\/ceip-catalunya-sabadell\/wp-content\/uploads\/usu823\/2023\/05\/petit-princep-1-1448x2048.png 1448w, https:\/\/agora.xtec.cat\/ceip-catalunya-sabadell\/wp-content\/uploads\/usu823\/2023\/05\/petit-princep-1.png 1587w\" sizes=\"auto, (max-width: 212px) 100vw, 212px\" \/><\/a>Com ja \u00e9s tradici\u00f3, l&#8217;alumnat de 5\u00e8 ha representat &#8220;El Petit Pr\u00edncep&#8221; al Centre C\u00edvic de Can Rull durant els dies 25, 26 i 29 de maig, pels nens i nenes de la nostra escola, aix\u00ed com per alumnat de 6\u00e8 de l&#8217;escola Can Rull i de 1r d&#8217;ESO de l&#8217;Institut Vall\u00e8s.<\/p>\n<p>Ha estat tot un \u00e8xit i tots els personatges acompanyats del Petit Pr\u00edncep en el seu viatge per l&#8217;univers, ens han fet gaudir al ritme de les can\u00e7ons i balls d&#8217;aquest musical que ens t\u00e9 el cor robat. Moltes felicitats a tots i totes!<\/p>\n<p>Aquest espectacle forma part de la Mostra de Teatre que organitza l&#8217;Ajuntament de Sabadell.<\/p>\n<p>Amb el suport de <img loading=\"lazy\" decoding=\"async\" class=\"alignnone  wp-image-4910\" src=\"https:\/\/agora.xtec.cat\/ceip-catalunya-sabadell\/wp-content\/uploads\/usu823\/2023\/05\/AJ-gran-300x115.jpg\" alt=\"\" width=\"154\" height=\"59\" srcset=\"https:\/\/agora.xtec.cat\/ceip-catalunya-sabadell\/wp-content\/uploads\/usu823\/2023\/05\/AJ-gran-300x115.jpg 300w, https:\/\/agora.xtec.cat\/ceip-catalunya-sabadell\/wp-content\/uploads\/usu823\/2023\/05\/AJ-gran-1024x394.jpg 1024w, https:\/\/agora.xtec.cat\/ceip-catalunya-sabadell\/wp-content\/uploads\/usu823\/2023\/05\/AJ-gran-768x295.jpg 768w, https:\/\/agora.xtec.cat\/ceip-catalunya-sabadell\/wp-content\/uploads\/usu823\/2023\/05\/AJ-gran-1536x591.jpg 1536w, https:\/\/agora.xtec.cat\/ceip-catalunya-sabadell\/wp-content\/uploads\/usu823\/2023\/05\/AJ-gran.jpg 1573w\" sizes=\"auto, (max-width: 154px) 100vw, 154px\" \/><\/p>\n<p>Si cliqueu a la imatge, podreu accedir a tot el material audiovisual de l&#8217;espectacle. Que el gaudiu tant com nosaltres!<\/p>\n<p><em>&#8220;L&#8217;essencial \u00e9s invisible als ulls&#8221;<\/em><\/p>\n","protected":false},"excerpt":{"rendered":"<p><a href=\"https:\/\/drive.google.com\/drive\/folders\/1rJj6MpwGDJ5nmsw2nHcIuaskqaw-xjIS?usp=share_link\"><\/a>Com ja \u00e9s tradici\u00f3, l&#8217;alumnat de 5\u00e8 ha representat &#8220;El Petit Pr\u00edncep&#8221; al Centre C\u00edvic de Can Rull durant els dies 25, 26 i 29 de maig, pels nens i nenes de la nostra escola, aix\u00ed com per alumnat de 6\u00e8 de l&#8217;escola Can&hellip;  <a href=\"https:\/\/agora.xtec.cat\/ceip-catalunya-sabadell\/portada\/el-petit-princep-2023\/\" title=\"Read EL PETIT PR\u00cdNCEP 2023\">Llegeix m\u00e9s\u00bb<\/a><\/p>\n","protected":false},"author":3,"featured_media":0,"comment_status":"open","ping_status":"closed","sticky":false,"template":"","format":"standard","meta":{"_bbp_topic_count":0,"_bbp_reply_count":0,"_bbp_total_topic_count":0,"_bbp_total_reply_count":0,"_bbp_voice_count":0,"_bbp_anonymous_reply_count":0,"_bbp_topic_count_hidden":0,"_bbp_reply_count_hidden":0,"_bbp_forum_subforum_count":0,"footnotes":""},"categories":[14,4,37],"tags":[],"class_list":["post-4909","post","type-post","status-publish","format-standard","hentry","category-5e","category-portada","category-teatre"],"post_mailing_queue_ids":[],"_links":{"self":[{"href":"https:\/\/agora.xtec.cat\/ceip-catalunya-sabadell\/wp-json\/wp\/v2\/posts\/4909","targetHints":{"allow":["GET"]}}],"collection":[{"href":"https:\/\/agora.xtec.cat\/ceip-catalunya-sabadell\/wp-json\/wp\/v2\/posts"}],"about":[{"href":"https:\/\/agora.xtec.cat\/ceip-catalunya-sabadell\/wp-json\/wp\/v2\/types\/post"}],"author":[{"embeddable":true,"href":"https:\/\/agora.xtec.cat\/ceip-catalunya-sabadell\/wp-json\/wp\/v2\/users\/3"}],"replies":[{"embeddable":true,"href":"https:\/\/agora.xtec.cat\/ceip-catalunya-sabadell\/wp-json\/wp\/v2\/comments?post=4909"}],"version-history":[{"count":2,"href":"https:\/\/agora.xtec.cat\/ceip-catalunya-sabadell\/wp-json\/wp\/v2\/posts\/4909\/revisions"}],"predecessor-version":[{"id":4913,"href":"https:\/\/agora.xtec.cat\/ceip-catalunya-sabadell\/wp-json\/wp\/v2\/posts\/4909\/revisions\/4913"}],"wp:attachment":[{"href":"https:\/\/agora.xtec.cat\/ceip-catalunya-sabadell\/wp-json\/wp\/v2\/media?parent=4909"}],"wp:term":[{"taxonomy":"category","embeddable":true,"href":"https:\/\/agora.xtec.cat\/ceip-catalunya-sabadell\/wp-json\/wp\/v2\/categories?post=4909"},{"taxonomy":"post_tag","embeddable":true,"href":"https:\/\/agora.xtec.cat\/ceip-catalunya-sabadell\/wp-json\/wp\/v2\/tags?post=4909"}],"curies":[{"name":"wp","href":"https:\/\/api.w.org\/{rel}","templated":true}]}}