{"id":4879,"date":"2023-04-21T11:30:04","date_gmt":"2023-04-21T09:30:04","guid":{"rendered":"https:\/\/agora.xtec.cat\/ceip-catalunya-sabadell\/?p=4879"},"modified":"2023-04-21T11:30:18","modified_gmt":"2023-04-21T09:30:18","slug":"projecte-de-teatre-el-temps-2","status":"publish","type":"post","link":"https:\/\/agora.xtec.cat\/ceip-catalunya-sabadell\/general\/projecte-de-teatre-el-temps-2\/","title":{"rendered":"Projecte de teatre: El temps"},"content":{"rendered":"<p>Els nens i les nenes de segon de prim\u00e0ria han dut a terme el projecte transversal relacionat amb el temps meteorol\u00f2gic. Moltes felicitats a tot l&#8217;alumnat per la implicaci\u00f3 i la tasca realitzada durant tot el proc\u00e9s de creaci\u00f3 i representaci\u00f3 dels di\u00e0legs. Compartim amb tots vosaltres el resultat final, esperem que us agradi!<\/p>\n<p><a href=\"https:\/\/drive.google.com\/drive\/folders\/1PT2yB41Fx4-wgkE1vBs4QiS9yRx-2ctf?usp=sharing\">El Temps<\/a><\/p>\n","protected":false},"excerpt":{"rendered":"<p>Els nens i les nenes de segon de prim\u00e0ria han dut a terme el projecte transversal relacionat amb el temps meteorol\u00f2gic. Moltes felicitats a tot l&#8217;alumnat per la implicaci\u00f3 i la tasca realitzada durant tot el proc\u00e9s de creaci\u00f3 i representaci\u00f3 dels di\u00e0legs. Compartim amb&hellip;  <a href=\"https:\/\/agora.xtec.cat\/ceip-catalunya-sabadell\/general\/projecte-de-teatre-el-temps-2\/\" title=\"Read Projecte de teatre: El temps\">Llegeix m\u00e9s\u00bb<\/a><\/p>\n","protected":false},"author":26,"featured_media":0,"comment_status":"open","ping_status":"closed","sticky":false,"template":"","format":"standard","meta":{"_bbp_topic_count":0,"_bbp_reply_count":0,"_bbp_total_topic_count":0,"_bbp_total_reply_count":0,"_bbp_voice_count":0,"_bbp_anonymous_reply_count":0,"_bbp_topic_count_hidden":0,"_bbp_reply_count_hidden":0,"_bbp_forum_subforum_count":0,"footnotes":""},"categories":[1,4],"tags":[],"class_list":["post-4879","post","type-post","status-publish","format-standard","hentry","category-general","category-portada"],"post_mailing_queue_ids":[],"_links":{"self":[{"href":"https:\/\/agora.xtec.cat\/ceip-catalunya-sabadell\/wp-json\/wp\/v2\/posts\/4879","targetHints":{"allow":["GET"]}}],"collection":[{"href":"https:\/\/agora.xtec.cat\/ceip-catalunya-sabadell\/wp-json\/wp\/v2\/posts"}],"about":[{"href":"https:\/\/agora.xtec.cat\/ceip-catalunya-sabadell\/wp-json\/wp\/v2\/types\/post"}],"author":[{"embeddable":true,"href":"https:\/\/agora.xtec.cat\/ceip-catalunya-sabadell\/wp-json\/wp\/v2\/users\/26"}],"replies":[{"embeddable":true,"href":"https:\/\/agora.xtec.cat\/ceip-catalunya-sabadell\/wp-json\/wp\/v2\/comments?post=4879"}],"version-history":[{"count":1,"href":"https:\/\/agora.xtec.cat\/ceip-catalunya-sabadell\/wp-json\/wp\/v2\/posts\/4879\/revisions"}],"predecessor-version":[{"id":4880,"href":"https:\/\/agora.xtec.cat\/ceip-catalunya-sabadell\/wp-json\/wp\/v2\/posts\/4879\/revisions\/4880"}],"wp:attachment":[{"href":"https:\/\/agora.xtec.cat\/ceip-catalunya-sabadell\/wp-json\/wp\/v2\/media?parent=4879"}],"wp:term":[{"taxonomy":"category","embeddable":true,"href":"https:\/\/agora.xtec.cat\/ceip-catalunya-sabadell\/wp-json\/wp\/v2\/categories?post=4879"},{"taxonomy":"post_tag","embeddable":true,"href":"https:\/\/agora.xtec.cat\/ceip-catalunya-sabadell\/wp-json\/wp\/v2\/tags?post=4879"}],"curies":[{"name":"wp","href":"https:\/\/api.w.org\/{rel}","templated":true}]}}