{"id":4875,"date":"2023-03-31T11:59:51","date_gmt":"2023-03-31T09:59:51","guid":{"rendered":"https:\/\/agora.xtec.cat\/ceip-catalunya-sabadell\/?p=4875"},"modified":"2023-03-31T11:59:51","modified_gmt":"2023-03-31T09:59:51","slug":"educacio-infantil-fem-la-mona-de-pasqua","status":"publish","type":"post","link":"https:\/\/agora.xtec.cat\/ceip-catalunya-sabadell\/general\/educacio-infantil-fem-la-mona-de-pasqua\/","title":{"rendered":"EDUCACI\u00d3 INFANTIL: FEM LA MONA DE PASQUA"},"content":{"rendered":"<p>Hummmmmmm!!! Bon\u00edssimes, aquestes MONES DE PASQUA que han fet avui tot l&#8217;alumnat d&#8217;Educaci\u00f3 Infantil!<\/p>\n<p>Ens hem fet un bon esmorzar!!! (si cliqueu a la imatge, podreu accedir a veure diferents fotos \ud83d\ude09 )<\/p>\n<p>&nbsp;<\/p>\n<p><a href=\"https:\/\/drive.google.com\/drive\/folders\/1-OvC3z13adT43QupC--igDmn3_4VmcFF?usp=sharing\"><img loading=\"lazy\" decoding=\"async\" class=\"size-medium wp-image-4877 aligncenter\" src=\"https:\/\/agora.xtec.cat\/ceip-catalunya-sabadell\/wp-content\/uploads\/usu823\/2023\/03\/MONA-DE-PASQUA-min-300x135.jpg\" alt=\"\" width=\"300\" height=\"135\" srcset=\"https:\/\/agora.xtec.cat\/ceip-catalunya-sabadell\/wp-content\/uploads\/usu823\/2023\/03\/MONA-DE-PASQUA-min-300x135.jpg 300w, https:\/\/agora.xtec.cat\/ceip-catalunya-sabadell\/wp-content\/uploads\/usu823\/2023\/03\/MONA-DE-PASQUA-min-1024x461.jpg 1024w, https:\/\/agora.xtec.cat\/ceip-catalunya-sabadell\/wp-content\/uploads\/usu823\/2023\/03\/MONA-DE-PASQUA-min-768x346.jpg 768w, https:\/\/agora.xtec.cat\/ceip-catalunya-sabadell\/wp-content\/uploads\/usu823\/2023\/03\/MONA-DE-PASQUA-min-1536x692.jpg 1536w, https:\/\/agora.xtec.cat\/ceip-catalunya-sabadell\/wp-content\/uploads\/usu823\/2023\/03\/MONA-DE-PASQUA-min-2048x922.jpg 2048w\" sizes=\"auto, (max-width: 300px) 100vw, 300px\" \/><\/a><\/p>\n","protected":false},"excerpt":{"rendered":"<p>Hummmmmmm!!! Bon\u00edssimes, aquestes MONES DE PASQUA que han fet avui tot l&#8217;alumnat d&#8217;Educaci\u00f3 Infantil!<br \/>\nEns hem fet un bon esmorzar!!! (si cliqueu a la imatge, podreu accedir a veure diferents fotos \ud83d\ude09 )<br \/>\n&nbsp;<br \/>\n<a href=\"https:\/\/drive.google.com\/drive\/folders\/1-OvC3z13adT43QupC--igDmn3_4VmcFF?usp=sharing\"><\/a><\/p>\n","protected":false},"author":22,"featured_media":0,"comment_status":"open","ping_status":"closed","sticky":false,"template":"","format":"standard","meta":{"_bbp_topic_count":0,"_bbp_reply_count":0,"_bbp_total_topic_count":0,"_bbp_total_reply_count":0,"_bbp_voice_count":0,"_bbp_anonymous_reply_count":0,"_bbp_topic_count_hidden":0,"_bbp_reply_count_hidden":0,"_bbp_forum_subforum_count":0,"footnotes":""},"categories":[36,1,2,4],"tags":[],"class_list":["post-4875","post","type-post","status-publish","format-standard","hentry","category-festes","category-general","category-infantil","category-portada"],"post_mailing_queue_ids":[],"_links":{"self":[{"href":"https:\/\/agora.xtec.cat\/ceip-catalunya-sabadell\/wp-json\/wp\/v2\/posts\/4875","targetHints":{"allow":["GET"]}}],"collection":[{"href":"https:\/\/agora.xtec.cat\/ceip-catalunya-sabadell\/wp-json\/wp\/v2\/posts"}],"about":[{"href":"https:\/\/agora.xtec.cat\/ceip-catalunya-sabadell\/wp-json\/wp\/v2\/types\/post"}],"author":[{"embeddable":true,"href":"https:\/\/agora.xtec.cat\/ceip-catalunya-sabadell\/wp-json\/wp\/v2\/users\/22"}],"replies":[{"embeddable":true,"href":"https:\/\/agora.xtec.cat\/ceip-catalunya-sabadell\/wp-json\/wp\/v2\/comments?post=4875"}],"version-history":[{"count":2,"href":"https:\/\/agora.xtec.cat\/ceip-catalunya-sabadell\/wp-json\/wp\/v2\/posts\/4875\/revisions"}],"predecessor-version":[{"id":4878,"href":"https:\/\/agora.xtec.cat\/ceip-catalunya-sabadell\/wp-json\/wp\/v2\/posts\/4875\/revisions\/4878"}],"wp:attachment":[{"href":"https:\/\/agora.xtec.cat\/ceip-catalunya-sabadell\/wp-json\/wp\/v2\/media?parent=4875"}],"wp:term":[{"taxonomy":"category","embeddable":true,"href":"https:\/\/agora.xtec.cat\/ceip-catalunya-sabadell\/wp-json\/wp\/v2\/categories?post=4875"},{"taxonomy":"post_tag","embeddable":true,"href":"https:\/\/agora.xtec.cat\/ceip-catalunya-sabadell\/wp-json\/wp\/v2\/tags?post=4875"}],"curies":[{"name":"wp","href":"https:\/\/api.w.org\/{rel}","templated":true}]}}