{"id":487,"date":"2016-06-03T14:53:38","date_gmt":"2016-06-03T13:53:38","guid":{"rendered":"http:\/\/agora.xtec.cat\/ceip-catalunya-sabadell\/?p=487"},"modified":"2016-06-03T18:32:01","modified_gmt":"2016-06-03T17:32:01","slug":"calendari-i-activitats-ultims-dies","status":"publish","type":"post","link":"https:\/\/agora.xtec.cat\/ceip-catalunya-sabadell\/general\/calendari-i-activitats-ultims-dies\/","title":{"rendered":"Calendari i activitats \u00faltims dies"},"content":{"rendered":"<p>El curs s&#8217;acaba el dimarts 21 de juny.<\/p>\n<p>A partir del dilluns 6 hi ha horari intensiu de 9 a 13 h. Els\/les alumnes que es quedin a dinar es podran recollir de les 15\u00a0 h.a les 15:30 h. Hi haur\u00e0 servei d&#8217;acollida fins les 17 h, organitzat per l&#8217;AMPA.<\/p>\n<p>ACTIVITATS ESPECIALS FI DE CURS<\/p>\n<p><strong>Dimarts 14<\/strong> &#8211; De 9:30 a 10:30 h Trobada de rebuda a l&#8217;escola dels nous alumnes de P3.<\/p>\n<p><strong>Divendres 17<\/strong>&#8211;\u00a0 6\u00aa cursa Montse Pascual. Correran tots\/es els\/les nens\/es de P3 fins a 6\u00e8. Caldr\u00e0 portar sabatilles esportives i roba c\u00f2moda.<\/p>\n<p><strong>Dilluns 20<\/strong> &#8211; Acomiadament dels alumnes de 6\u00e8<\/p>\n<p><strong>Dimarts 21<\/strong> &#8211; Al mat\u00ed,festa d&#8217;acomiadament del curs amb un espectacle d&#8217;animaci\u00f3 a\u00a0 c\u00e0rrec de la companyia Katrasca i despr\u00e8s\u00a0 un bon gelat per refrescar-nos.\u00a0 A la tarda a partir de les 16:30 h festa d&#8217;inflables i escuma organitzat per l&#8217;AMPA<\/p>\n","protected":false},"excerpt":{"rendered":"<p>El curs s&#8217;acaba el dimarts 21 de juny.<br \/>\nA partir del dilluns 6 hi ha horari intensiu de 9 a 13 h. Els\/les alumnes que es quedin a dinar es podran recollir de les 15\u00a0 h.a les 15:30 h. Hi haur\u00e0 servei d&#8217;acollida fins les 17&hellip;  <a href=\"https:\/\/agora.xtec.cat\/ceip-catalunya-sabadell\/general\/calendari-i-activitats-ultims-dies\/\" title=\"Read Calendari i activitats \u00faltims dies\">Llegeix m\u00e9s\u00bb<\/a><\/p>\n","protected":false},"author":1,"featured_media":491,"comment_status":"open","ping_status":"open","sticky":false,"template":"","format":"standard","meta":{"_bbp_topic_count":0,"_bbp_reply_count":0,"_bbp_total_topic_count":0,"_bbp_total_reply_count":0,"_bbp_voice_count":0,"_bbp_anonymous_reply_count":0,"_bbp_topic_count_hidden":0,"_bbp_reply_count_hidden":0,"_bbp_forum_subforum_count":0,"footnotes":""},"categories":[1,4],"tags":[],"class_list":["post-487","post","type-post","status-publish","format-standard","has-post-thumbnail","hentry","category-general","category-portada"],"post_mailing_queue_ids":[],"_links":{"self":[{"href":"https:\/\/agora.xtec.cat\/ceip-catalunya-sabadell\/wp-json\/wp\/v2\/posts\/487","targetHints":{"allow":["GET"]}}],"collection":[{"href":"https:\/\/agora.xtec.cat\/ceip-catalunya-sabadell\/wp-json\/wp\/v2\/posts"}],"about":[{"href":"https:\/\/agora.xtec.cat\/ceip-catalunya-sabadell\/wp-json\/wp\/v2\/types\/post"}],"author":[{"embeddable":true,"href":"https:\/\/agora.xtec.cat\/ceip-catalunya-sabadell\/wp-json\/wp\/v2\/users\/1"}],"replies":[{"embeddable":true,"href":"https:\/\/agora.xtec.cat\/ceip-catalunya-sabadell\/wp-json\/wp\/v2\/comments?post=487"}],"version-history":[{"count":3,"href":"https:\/\/agora.xtec.cat\/ceip-catalunya-sabadell\/wp-json\/wp\/v2\/posts\/487\/revisions"}],"predecessor-version":[{"id":490,"href":"https:\/\/agora.xtec.cat\/ceip-catalunya-sabadell\/wp-json\/wp\/v2\/posts\/487\/revisions\/490"}],"wp:featuredmedia":[{"embeddable":true,"href":"https:\/\/agora.xtec.cat\/ceip-catalunya-sabadell\/wp-json\/wp\/v2\/media\/491"}],"wp:attachment":[{"href":"https:\/\/agora.xtec.cat\/ceip-catalunya-sabadell\/wp-json\/wp\/v2\/media?parent=487"}],"wp:term":[{"taxonomy":"category","embeddable":true,"href":"https:\/\/agora.xtec.cat\/ceip-catalunya-sabadell\/wp-json\/wp\/v2\/categories?post=487"},{"taxonomy":"post_tag","embeddable":true,"href":"https:\/\/agora.xtec.cat\/ceip-catalunya-sabadell\/wp-json\/wp\/v2\/tags?post=487"}],"curies":[{"name":"wp","href":"https:\/\/api.w.org\/{rel}","templated":true}]}}