{"id":4862,"date":"2023-03-27T13:20:40","date_gmt":"2023-03-27T11:20:40","guid":{"rendered":"https:\/\/agora.xtec.cat\/ceip-catalunya-sabadell\/?p=4862"},"modified":"2023-03-27T13:20:40","modified_gmt":"2023-03-27T11:20:40","slug":"projecte-de-teatre-telenoticies-4t","status":"publish","type":"post","link":"https:\/\/agora.xtec.cat\/ceip-catalunya-sabadell\/portada\/projecte-de-teatre-telenoticies-4t\/","title":{"rendered":"PROJECTE DE TEATRE -TELENOT\u00cdCIES 4T-"},"content":{"rendered":"<p>Benvolgudes fam\u00edlies,<\/p>\n<p>l&#8217;alumnat de quart de prim\u00e0ria ha dut a terme el projecte transversal de teatre: <strong>El Telenot\u00edcies de quart<\/strong>.<\/p>\n<p>Hem treballat de valent (els textos informatius, recerca de not\u00edcies, creaci\u00f3 de guions, entrevistes a personatges, edici\u00f3 de v\u00eddeos, \u00fas de diferents lleng\u00fces, an\u00e0lisi cr\u00edtic de l&#8217;entorn m\u00e9s proper). A m\u00e9s, s&#8217;ha realitzat aquest projecte a trav\u00e9s del treball cooperatiu, fent agrupacions internivell i amb el suport de diferents mestres i especialistes que han col\u00b7laborat.<\/p>\n<p>Ens fa molta il\u00b7lusi\u00f3 compartir-ho amb tots i totes vosaltres!<\/p>\n<p>Podeu accedir al contingut del TN clicant a la imatge que us mostrem a continuaci\u00f3:<\/p>\n<p><a href=\"https:\/\/drive.google.com\/drive\/folders\/1p-vkukqz4DfgLrKVmg0NUHyJ6GYf_8FJ?usp=sharing\"><img loading=\"lazy\" decoding=\"async\" class=\"alignnone wp-image-4863 \" src=\"https:\/\/agora.xtec.cat\/ceip-catalunya-sabadell\/wp-content\/uploads\/usu823\/2023\/03\/IMG_0550.jpg\" alt=\"\" width=\"476\" height=\"476\" srcset=\"https:\/\/agora.xtec.cat\/ceip-catalunya-sabadell\/wp-content\/uploads\/usu823\/2023\/03\/IMG_0550.jpg 640w, https:\/\/agora.xtec.cat\/ceip-catalunya-sabadell\/wp-content\/uploads\/usu823\/2023\/03\/IMG_0550-300x300.jpg 300w, https:\/\/agora.xtec.cat\/ceip-catalunya-sabadell\/wp-content\/uploads\/usu823\/2023\/03\/IMG_0550-150x150.jpg 150w\" sizes=\"auto, (max-width: 476px) 100vw, 476px\" \/><\/a><\/p>\n<p>&nbsp;<\/p>\n<p>&nbsp;<\/p>\n","protected":false},"excerpt":{"rendered":"<p>Benvolgudes fam\u00edlies,<br \/>\nl&#8217;alumnat de quart de prim\u00e0ria ha dut a terme el projecte transversal de teatre: El Telenot\u00edcies de quart.<br \/>\nHem treballat de valent (els textos informatius, recerca de not\u00edcies, creaci\u00f3 de guions, entrevistes a personatges, edici\u00f3 de v\u00eddeos, \u00fas de diferents lleng\u00fces, an\u00e0lisi cr\u00edtic de l&#8217;entorn&hellip;  <a href=\"https:\/\/agora.xtec.cat\/ceip-catalunya-sabadell\/portada\/projecte-de-teatre-telenoticies-4t\/\" title=\"Read PROJECTE DE TEATRE -TELENOT\u00cdCIES 4T-\">Llegeix m\u00e9s\u00bb<\/a><\/p>\n","protected":false},"author":83,"featured_media":0,"comment_status":"open","ping_status":"closed","sticky":false,"template":"","format":"standard","meta":{"_bbp_topic_count":0,"_bbp_reply_count":0,"_bbp_total_topic_count":0,"_bbp_total_reply_count":0,"_bbp_voice_count":0,"_bbp_anonymous_reply_count":0,"_bbp_topic_count_hidden":0,"_bbp_reply_count_hidden":0,"_bbp_forum_subforum_count":0,"footnotes":""},"categories":[13,4,37],"tags":[],"class_list":["post-4862","post","type-post","status-publish","format-standard","hentry","category-4t","category-portada","category-teatre"],"post_mailing_queue_ids":[],"_links":{"self":[{"href":"https:\/\/agora.xtec.cat\/ceip-catalunya-sabadell\/wp-json\/wp\/v2\/posts\/4862","targetHints":{"allow":["GET"]}}],"collection":[{"href":"https:\/\/agora.xtec.cat\/ceip-catalunya-sabadell\/wp-json\/wp\/v2\/posts"}],"about":[{"href":"https:\/\/agora.xtec.cat\/ceip-catalunya-sabadell\/wp-json\/wp\/v2\/types\/post"}],"author":[{"embeddable":true,"href":"https:\/\/agora.xtec.cat\/ceip-catalunya-sabadell\/wp-json\/wp\/v2\/users\/83"}],"replies":[{"embeddable":true,"href":"https:\/\/agora.xtec.cat\/ceip-catalunya-sabadell\/wp-json\/wp\/v2\/comments?post=4862"}],"version-history":[{"count":1,"href":"https:\/\/agora.xtec.cat\/ceip-catalunya-sabadell\/wp-json\/wp\/v2\/posts\/4862\/revisions"}],"predecessor-version":[{"id":4864,"href":"https:\/\/agora.xtec.cat\/ceip-catalunya-sabadell\/wp-json\/wp\/v2\/posts\/4862\/revisions\/4864"}],"wp:attachment":[{"href":"https:\/\/agora.xtec.cat\/ceip-catalunya-sabadell\/wp-json\/wp\/v2\/media?parent=4862"}],"wp:term":[{"taxonomy":"category","embeddable":true,"href":"https:\/\/agora.xtec.cat\/ceip-catalunya-sabadell\/wp-json\/wp\/v2\/categories?post=4862"},{"taxonomy":"post_tag","embeddable":true,"href":"https:\/\/agora.xtec.cat\/ceip-catalunya-sabadell\/wp-json\/wp\/v2\/tags?post=4862"}],"curies":[{"name":"wp","href":"https:\/\/api.w.org\/{rel}","templated":true}]}}