{"id":4853,"date":"2023-03-14T12:36:02","date_gmt":"2023-03-14T11:36:02","guid":{"rendered":"https:\/\/agora.xtec.cat\/ceip-catalunya-sabadell\/?p=4853"},"modified":"2023-03-14T12:37:28","modified_gmt":"2023-03-14T11:37:28","slug":"6e-fa-una-manifestacio-escolar-el-8-de-marc","status":"publish","type":"post","link":"https:\/\/agora.xtec.cat\/ceip-catalunya-sabadell\/general\/6e-fa-una-manifestacio-escolar-el-8-de-marc\/","title":{"rendered":"6\u00e8 fa una manifestaci\u00f3 escolar el 8 de mar\u00e7"},"content":{"rendered":"<p>Per tal de celebrar el dia de la dona treballadora, els alumnes de sis\u00e8 van fer una performance d&#8217;una manifestaci\u00f3 feminista emmarcada dins el treball sobre la revoluci\u00f3 industrial que estan fent a l&#8217;aula. Va ser una activitat molt interessant on es va explicar que l&#8217;escola havia estat anteriorment una f\u00e0brica i com eren de dures les condicions de treball per a tothom, per\u00f2 per a les dones en particular m\u00e9s. I com tamb\u00e9 en la classe burgesa la dona passava a un segon pla per darrere de germans i marit. Actualment les circumst\u00e0ncies han millorat molt per\u00f2 encara queda cam\u00ed per rec\u00f3rrer. Va ser un dia intens!!<\/p>\n<p><a href=\"https:\/\/agora.xtec.cat\/ceip-catalunya-sabadell\/wp-content\/uploads\/usu823\/2023\/03\/Screenshot_20230309-134751.png\"><img loading=\"lazy\" decoding=\"async\" class=\"alignnone size-large wp-image-4854\" src=\"https:\/\/agora.xtec.cat\/ceip-catalunya-sabadell\/wp-content\/uploads\/usu823\/2023\/03\/Screenshot_20230309-134751-1024x579.png\" alt=\"\" width=\"1024\" height=\"579\" srcset=\"https:\/\/agora.xtec.cat\/ceip-catalunya-sabadell\/wp-content\/uploads\/usu823\/2023\/03\/Screenshot_20230309-134751-1024x579.png 1024w, https:\/\/agora.xtec.cat\/ceip-catalunya-sabadell\/wp-content\/uploads\/usu823\/2023\/03\/Screenshot_20230309-134751-300x170.png 300w, https:\/\/agora.xtec.cat\/ceip-catalunya-sabadell\/wp-content\/uploads\/usu823\/2023\/03\/Screenshot_20230309-134751-768x434.png 768w, https:\/\/agora.xtec.cat\/ceip-catalunya-sabadell\/wp-content\/uploads\/usu823\/2023\/03\/Screenshot_20230309-134751.png 1029w\" sizes=\"auto, (max-width: 1024px) 100vw, 1024px\" \/><\/a> <a href=\"https:\/\/agora.xtec.cat\/ceip-catalunya-sabadell\/wp-content\/uploads\/usu823\/2023\/03\/Screenshot_2023-03-09-13-47-58-992_com.miui_.videoplayer.jpg\"><img loading=\"lazy\" decoding=\"async\" class=\"alignnone size-large wp-image-4855\" src=\"https:\/\/agora.xtec.cat\/ceip-catalunya-sabadell\/wp-content\/uploads\/usu823\/2023\/03\/Screenshot_2023-03-09-13-47-58-992_com.miui_.videoplayer-1024x556.jpg\" alt=\"\" width=\"1024\" height=\"556\" srcset=\"https:\/\/agora.xtec.cat\/ceip-catalunya-sabadell\/wp-content\/uploads\/usu823\/2023\/03\/Screenshot_2023-03-09-13-47-58-992_com.miui_.videoplayer-1024x556.jpg 1024w, https:\/\/agora.xtec.cat\/ceip-catalunya-sabadell\/wp-content\/uploads\/usu823\/2023\/03\/Screenshot_2023-03-09-13-47-58-992_com.miui_.videoplayer-300x163.jpg 300w, https:\/\/agora.xtec.cat\/ceip-catalunya-sabadell\/wp-content\/uploads\/usu823\/2023\/03\/Screenshot_2023-03-09-13-47-58-992_com.miui_.videoplayer-768x417.jpg 768w, https:\/\/agora.xtec.cat\/ceip-catalunya-sabadell\/wp-content\/uploads\/usu823\/2023\/03\/Screenshot_2023-03-09-13-47-58-992_com.miui_.videoplayer.jpg 1053w\" sizes=\"auto, (max-width: 1024px) 100vw, 1024px\" \/><\/a> <a href=\"https:\/\/agora.xtec.cat\/ceip-catalunya-sabadell\/wp-content\/uploads\/usu823\/2023\/03\/IMG_20230309_134745.jpg\"><img loading=\"lazy\" decoding=\"async\" class=\"alignnone size-large wp-image-4856\" src=\"https:\/\/agora.xtec.cat\/ceip-catalunya-sabadell\/wp-content\/uploads\/usu823\/2023\/03\/IMG_20230309_134745-1024x581.jpg\" alt=\"\" width=\"1024\" height=\"581\" data-wp-editing=\"1\" srcset=\"https:\/\/agora.xtec.cat\/ceip-catalunya-sabadell\/wp-content\/uploads\/usu823\/2023\/03\/IMG_20230309_134745-1024x581.jpg 1024w, https:\/\/agora.xtec.cat\/ceip-catalunya-sabadell\/wp-content\/uploads\/usu823\/2023\/03\/IMG_20230309_134745-300x170.jpg 300w, https:\/\/agora.xtec.cat\/ceip-catalunya-sabadell\/wp-content\/uploads\/usu823\/2023\/03\/IMG_20230309_134745-768x436.jpg 768w, https:\/\/agora.xtec.cat\/ceip-catalunya-sabadell\/wp-content\/uploads\/usu823\/2023\/03\/IMG_20230309_134745.jpg 1028w\" sizes=\"auto, (max-width: 1024px) 100vw, 1024px\" \/><\/a><\/p>\n<p>Cliqueu <a href=\"https:\/\/drive.google.com\/drive\/folders\/1RrQxGASZP6iVG-hBVUixxarEHXvxcOyk?usp=share_link\">AQU\u00cd<\/a> per veure m\u00e9s fotografies de la performance.<\/p>\n","protected":false},"excerpt":{"rendered":"<p>Per tal de celebrar el dia de la dona treballadora, els alumnes de sis\u00e8 van fer una performance d&#8217;una manifestaci\u00f3 feminista emmarcada dins el treball sobre la revoluci\u00f3 industrial que estan fent a l&#8217;aula. Va ser una activitat molt interessant on es va explicar que&hellip;  <a href=\"https:\/\/agora.xtec.cat\/ceip-catalunya-sabadell\/general\/6e-fa-una-manifestacio-escolar-el-8-de-marc\/\" title=\"Read 6\u00e8 fa una manifestaci\u00f3 escolar el 8 de mar\u00e7\">Llegeix m\u00e9s\u00bb<\/a><\/p>\n","protected":false},"author":19,"featured_media":0,"comment_status":"open","ping_status":"closed","sticky":false,"template":"","format":"standard","meta":{"_bbp_topic_count":0,"_bbp_reply_count":0,"_bbp_total_topic_count":0,"_bbp_total_reply_count":0,"_bbp_voice_count":0,"_bbp_anonymous_reply_count":0,"_bbp_topic_count_hidden":0,"_bbp_reply_count_hidden":0,"_bbp_forum_subforum_count":0,"footnotes":""},"categories":[15,1,4],"tags":[],"class_list":["post-4853","post","type-post","status-publish","format-standard","hentry","category-6e","category-general","category-portada"],"post_mailing_queue_ids":[],"_links":{"self":[{"href":"https:\/\/agora.xtec.cat\/ceip-catalunya-sabadell\/wp-json\/wp\/v2\/posts\/4853","targetHints":{"allow":["GET"]}}],"collection":[{"href":"https:\/\/agora.xtec.cat\/ceip-catalunya-sabadell\/wp-json\/wp\/v2\/posts"}],"about":[{"href":"https:\/\/agora.xtec.cat\/ceip-catalunya-sabadell\/wp-json\/wp\/v2\/types\/post"}],"author":[{"embeddable":true,"href":"https:\/\/agora.xtec.cat\/ceip-catalunya-sabadell\/wp-json\/wp\/v2\/users\/19"}],"replies":[{"embeddable":true,"href":"https:\/\/agora.xtec.cat\/ceip-catalunya-sabadell\/wp-json\/wp\/v2\/comments?post=4853"}],"version-history":[{"count":3,"href":"https:\/\/agora.xtec.cat\/ceip-catalunya-sabadell\/wp-json\/wp\/v2\/posts\/4853\/revisions"}],"predecessor-version":[{"id":4860,"href":"https:\/\/agora.xtec.cat\/ceip-catalunya-sabadell\/wp-json\/wp\/v2\/posts\/4853\/revisions\/4860"}],"wp:attachment":[{"href":"https:\/\/agora.xtec.cat\/ceip-catalunya-sabadell\/wp-json\/wp\/v2\/media?parent=4853"}],"wp:term":[{"taxonomy":"category","embeddable":true,"href":"https:\/\/agora.xtec.cat\/ceip-catalunya-sabadell\/wp-json\/wp\/v2\/categories?post=4853"},{"taxonomy":"post_tag","embeddable":true,"href":"https:\/\/agora.xtec.cat\/ceip-catalunya-sabadell\/wp-json\/wp\/v2\/tags?post=4853"}],"curies":[{"name":"wp","href":"https:\/\/api.w.org\/{rel}","templated":true}]}}