{"id":4840,"date":"2023-03-10T08:52:33","date_gmt":"2023-03-10T07:52:33","guid":{"rendered":"https:\/\/agora.xtec.cat\/ceip-catalunya-sabadell\/?p=4840"},"modified":"2023-03-10T08:52:33","modified_gmt":"2023-03-10T07:52:33","slug":"8m-contes-desexplicats","status":"publish","type":"post","link":"https:\/\/agora.xtec.cat\/ceip-catalunya-sabadell\/general\/8m-contes-desexplicats\/","title":{"rendered":"8M: contes desexplicats"},"content":{"rendered":"<p>Amb motiu del 8 de mar\u00e7, Dia internacional de la dona, els alumnes de P5 han pogut gaudir de dues hist\u00f2ries capgirades, &#8220;La caputxeta for\u00e7uda&#8221; i &#8220;La rateta que llegia a l&#8217;escaleta&#8221;. Versions ben diferents de dos dels contes tradicionals m\u00e9s explicats a la nostra cultura: &#8220;La caputxeta vermella&#8221; i &#8220;La rateta que escombrava a l&#8217;escaleta&#8221;.<\/p>\n<p>Amb una conversa posterior, aquestes noves hist\u00f2ries ens han perm\u00e8s adonar-nos que podem canviar el final de les hist\u00f2ries canviant la imatge tradicional de la protagonista. Unes dones valentes, for\u00e7udes, intel\u00b7ligents i astutes que no necessiten la figura masculina per en sortir-se&#8217;n de les adversitats<\/p>\n<p><img loading=\"lazy\" decoding=\"async\" class=\"alignnone size-medium wp-image-4851\" src=\"https:\/\/agora.xtec.cat\/ceip-catalunya-sabadell\/wp-content\/uploads\/usu823\/2023\/03\/jue-9-de-mar-de-2023-14_12_page-0001-300x225.jpg\" alt=\"\" width=\"300\" height=\"225\" srcset=\"https:\/\/agora.xtec.cat\/ceip-catalunya-sabadell\/wp-content\/uploads\/usu823\/2023\/03\/jue-9-de-mar-de-2023-14_12_page-0001-300x225.jpg 300w, https:\/\/agora.xtec.cat\/ceip-catalunya-sabadell\/wp-content\/uploads\/usu823\/2023\/03\/jue-9-de-mar-de-2023-14_12_page-0001-1024x768.jpg 1024w, https:\/\/agora.xtec.cat\/ceip-catalunya-sabadell\/wp-content\/uploads\/usu823\/2023\/03\/jue-9-de-mar-de-2023-14_12_page-0001-768x576.jpg 768w, https:\/\/agora.xtec.cat\/ceip-catalunya-sabadell\/wp-content\/uploads\/usu823\/2023\/03\/jue-9-de-mar-de-2023-14_12_page-0001-200x150.jpg 200w, https:\/\/agora.xtec.cat\/ceip-catalunya-sabadell\/wp-content\/uploads\/usu823\/2023\/03\/jue-9-de-mar-de-2023-14_12_page-0001.jpg 1050w\" sizes=\"auto, (max-width: 300px) 100vw, 300px\" \/><\/p>\n<p>&nbsp;<\/p>\n","protected":false},"excerpt":{"rendered":"<p>Amb motiu del 8 de mar\u00e7, Dia internacional de la dona, els alumnes de P5 han pogut gaudir de dues hist\u00f2ries capgirades, &#8220;La caputxeta for\u00e7uda&#8221; i &#8220;La rateta que llegia a l&#8217;escaleta&#8221;. Versions ben diferents de dos dels contes tradicionals m\u00e9s explicats a la nostra&hellip;  <a href=\"https:\/\/agora.xtec.cat\/ceip-catalunya-sabadell\/general\/8m-contes-desexplicats\/\" title=\"Read 8M: contes desexplicats\">Llegeix m\u00e9s\u00bb<\/a><\/p>\n","protected":false},"author":66,"featured_media":0,"comment_status":"open","ping_status":"closed","sticky":false,"template":"","format":"standard","meta":{"_bbp_topic_count":0,"_bbp_reply_count":0,"_bbp_total_topic_count":0,"_bbp_total_reply_count":0,"_bbp_voice_count":0,"_bbp_anonymous_reply_count":0,"_bbp_topic_count_hidden":0,"_bbp_reply_count_hidden":0,"_bbp_forum_subforum_count":0,"footnotes":""},"categories":[1,39,4],"tags":[],"class_list":["post-4840","post","type-post","status-publish","format-standard","hentry","category-general","category-jo-llegeixo-jo-escric-jo-visc","category-portada"],"post_mailing_queue_ids":[],"_links":{"self":[{"href":"https:\/\/agora.xtec.cat\/ceip-catalunya-sabadell\/wp-json\/wp\/v2\/posts\/4840","targetHints":{"allow":["GET"]}}],"collection":[{"href":"https:\/\/agora.xtec.cat\/ceip-catalunya-sabadell\/wp-json\/wp\/v2\/posts"}],"about":[{"href":"https:\/\/agora.xtec.cat\/ceip-catalunya-sabadell\/wp-json\/wp\/v2\/types\/post"}],"author":[{"embeddable":true,"href":"https:\/\/agora.xtec.cat\/ceip-catalunya-sabadell\/wp-json\/wp\/v2\/users\/66"}],"replies":[{"embeddable":true,"href":"https:\/\/agora.xtec.cat\/ceip-catalunya-sabadell\/wp-json\/wp\/v2\/comments?post=4840"}],"version-history":[{"count":4,"href":"https:\/\/agora.xtec.cat\/ceip-catalunya-sabadell\/wp-json\/wp\/v2\/posts\/4840\/revisions"}],"predecessor-version":[{"id":4852,"href":"https:\/\/agora.xtec.cat\/ceip-catalunya-sabadell\/wp-json\/wp\/v2\/posts\/4840\/revisions\/4852"}],"wp:attachment":[{"href":"https:\/\/agora.xtec.cat\/ceip-catalunya-sabadell\/wp-json\/wp\/v2\/media?parent=4840"}],"wp:term":[{"taxonomy":"category","embeddable":true,"href":"https:\/\/agora.xtec.cat\/ceip-catalunya-sabadell\/wp-json\/wp\/v2\/categories?post=4840"},{"taxonomy":"post_tag","embeddable":true,"href":"https:\/\/agora.xtec.cat\/ceip-catalunya-sabadell\/wp-json\/wp\/v2\/tags?post=4840"}],"curies":[{"name":"wp","href":"https:\/\/api.w.org\/{rel}","templated":true}]}}