{"id":4829,"date":"2023-03-03T09:17:29","date_gmt":"2023-03-03T08:17:29","guid":{"rendered":"https:\/\/agora.xtec.cat\/ceip-catalunya-sabadell\/?p=4829"},"modified":"2023-10-31T11:49:32","modified_gmt":"2023-10-31T10:49:32","slug":"preinscripcio-2023-2024","status":"publish","type":"post","link":"https:\/\/agora.xtec.cat\/ceip-catalunya-sabadell\/portada\/preinscripcio-2023-2024\/","title":{"rendered":"PREINSCRIPCI\u00d3 2023-2024"},"content":{"rendered":"<p>Benvolgudes fam\u00edlies,<\/p>\n<p>Clicant l&#8217;enlla\u00e7, podreu consultar l&#8217;oferta inicial de places per al curs 2023-2024:<\/p>\n<p><a href=\"https:\/\/drive.google.com\/file\/d\/14qfekYdWqDxnKMWxy5u3S7dv4t1NyiJD\/view?usp=share_link\">OFERTA INICIAL\u00a0<\/a><\/p>\n<p>Enlla\u00e7 per a fer la preinscripci\u00f3 del 6 al 20 de mar\u00e7: <a href=\"https:\/\/educacio.gencat.cat\/ca\/tramits\/tramits-temes\/20483-obligatoris?moda=1\">SOL\u00b7LICITUD PREINSCRIPCI\u00d3<\/a><\/p>\n<p>Ja podeu consultar la publicaci\u00f3 de la llista de sol\u00b7licituds amb la puntuaci\u00f3 provisional a 21\/04\/2023 clicant <a href=\"https:\/\/drive.google.com\/file\/d\/1ILgJps9RdaW6gE9KzIUabjHvF6VWZ7IY\/view?usp=share_link\">AQU\u00cd<\/a><\/p>\n<p>Podeu fer la consulta individual, clicant al seg\u00fcent enlla\u00e7: <a href=\"https:\/\/preinscripcio.gencat.cat\/ca\/estudis\/primaria\/preinscriute\/seguiment-sollicitud\/llista-sollicituds-puntuacio\/\">https:\/\/preinscripcio.gencat.cat\/ca\/estudis\/primaria\/preinscriute\/seguiment-sollicitud\/llista-sollicituds-puntuacio\/<\/a><\/p>\n<p>Publicaci\u00f3 de la llista de sol\u00b7licituds que han demanat el centre i l&#8217;ensenyament en primera<br \/>\npetici\u00f3 amb la puntuaci\u00f3 resoltes les reclamacions a 03\/05\/2023. Cliqueu <a href=\"https:\/\/drive.google.com\/file\/d\/1VfUtafMd1_qbX_EdfkR-U7EatiOCLBNK\/view?usp=share_link\">aqu\u00ed<\/a><\/p>\n<p class=\"NG-menu__title\">Sorteig del n\u00famero de desempat per a la preinscripci\u00f3 escolar per al curs 2023-2024:<strong> 66.646<\/strong><\/p>\n<p>Publicaci\u00f3 de la llista de sol\u00b7licituds que han demanat el centre i l&#8217;ensenyament en primera<br \/>\npetici\u00f3 ordenada a 11\/05\/2023 <a href=\"https:\/\/drive.google.com\/file\/d\/1dcfAiDI8V0ACh-Zq5l2duheWjKlh2F3j\/view?usp=share_link\">LLISTA<\/a><\/p>\n<p><img loading=\"lazy\" decoding=\"async\" class=\"alignnone wp-image-4460 \" src=\"https:\/\/agora.xtec.cat\/ceip-catalunya-sabadell\/wp-content\/uploads\/usu823\/2022\/03\/NOVETAT-150x150.png\" alt=\"\" width=\"77\" height=\"77\" \/>Publicaci\u00f3 de la Llista d&#8217;admesos i llista d&#8217;espera, infantil, prim\u00e0ria 12\/06\/2023 <a href=\"https:\/\/drive.google.com\/file\/d\/1XZDaarlHy59_nlEVoatE0yESMIDB24Y5\/view?usp=drive_link\">LLISTA\u00a0<\/a><\/p>\n<p><a href=\"https:\/\/drive.google.com\/file\/d\/1ijfEDz_ls9w2zUG3OAAp_zehqah9qqfI\/view?usp=drive_link\">Llista d&#8217;espera\u00a0<\/a><\/p>\n","protected":false},"excerpt":{"rendered":"<p>Benvolgudes fam\u00edlies,<br \/>\nClicant l&#8217;enlla\u00e7, podreu consultar l&#8217;oferta inicial de places per al curs 2023-2024:<br \/>\n<a href=\"https:\/\/drive.google.com\/file\/d\/14qfekYdWqDxnKMWxy5u3S7dv4t1NyiJD\/view?usp=share_link\">OFERTA INICIAL\u00a0<\/a><br \/>\nEnlla\u00e7 per a fer la preinscripci\u00f3 del 6 al 20 de mar\u00e7: <a href=\"https:\/\/educacio.gencat.cat\/ca\/tramits\/tramits-temes\/20483-obligatoris?moda=1\">SOL\u00b7LICITUD PREINSCRIPCI\u00d3<\/a><br \/>\nJa podeu consultar la publicaci\u00f3 de la llista de sol\u00b7licituds amb la puntuaci\u00f3 provisional a 21\/04\/2023 clicant&hellip;  <a href=\"https:\/\/agora.xtec.cat\/ceip-catalunya-sabadell\/portada\/preinscripcio-2023-2024\/\" title=\"Read PREINSCRIPCI\u00d3 2023-2024\">Llegeix m\u00e9s\u00bb<\/a><\/p>\n","protected":false},"author":3,"featured_media":0,"comment_status":"open","ping_status":"closed","sticky":false,"template":"","format":"standard","meta":{"_bbp_topic_count":0,"_bbp_reply_count":0,"_bbp_total_topic_count":0,"_bbp_total_reply_count":0,"_bbp_voice_count":0,"_bbp_anonymous_reply_count":0,"_bbp_topic_count_hidden":0,"_bbp_reply_count_hidden":0,"_bbp_forum_subforum_count":0,"footnotes":""},"categories":[4,123],"tags":[],"class_list":["post-4829","post","type-post","status-publish","format-standard","hentry","category-portada","category-preinscripcio-i-matricula"],"post_mailing_queue_ids":[],"_links":{"self":[{"href":"https:\/\/agora.xtec.cat\/ceip-catalunya-sabadell\/wp-json\/wp\/v2\/posts\/4829","targetHints":{"allow":["GET"]}}],"collection":[{"href":"https:\/\/agora.xtec.cat\/ceip-catalunya-sabadell\/wp-json\/wp\/v2\/posts"}],"about":[{"href":"https:\/\/agora.xtec.cat\/ceip-catalunya-sabadell\/wp-json\/wp\/v2\/types\/post"}],"author":[{"embeddable":true,"href":"https:\/\/agora.xtec.cat\/ceip-catalunya-sabadell\/wp-json\/wp\/v2\/users\/3"}],"replies":[{"embeddable":true,"href":"https:\/\/agora.xtec.cat\/ceip-catalunya-sabadell\/wp-json\/wp\/v2\/comments?post=4829"}],"version-history":[{"count":3,"href":"https:\/\/agora.xtec.cat\/ceip-catalunya-sabadell\/wp-json\/wp\/v2\/posts\/4829\/revisions"}],"predecessor-version":[{"id":4915,"href":"https:\/\/agora.xtec.cat\/ceip-catalunya-sabadell\/wp-json\/wp\/v2\/posts\/4829\/revisions\/4915"}],"wp:attachment":[{"href":"https:\/\/agora.xtec.cat\/ceip-catalunya-sabadell\/wp-json\/wp\/v2\/media?parent=4829"}],"wp:term":[{"taxonomy":"category","embeddable":true,"href":"https:\/\/agora.xtec.cat\/ceip-catalunya-sabadell\/wp-json\/wp\/v2\/categories?post=4829"},{"taxonomy":"post_tag","embeddable":true,"href":"https:\/\/agora.xtec.cat\/ceip-catalunya-sabadell\/wp-json\/wp\/v2\/tags?post=4829"}],"curies":[{"name":"wp","href":"https:\/\/api.w.org\/{rel}","templated":true}]}}