{"id":4784,"date":"2023-02-13T17:11:06","date_gmt":"2023-02-13T16:11:06","guid":{"rendered":"https:\/\/agora.xtec.cat\/ceip-catalunya-sabadell\/?p=4784"},"modified":"2023-02-13T17:18:39","modified_gmt":"2023-02-13T16:18:39","slug":"prego-de-carnaval","status":"publish","type":"post","link":"https:\/\/agora.xtec.cat\/ceip-catalunya-sabadell\/portada\/prego-de-carnaval\/","title":{"rendered":"PREG\u00d3 DE CARNAVAL"},"content":{"rendered":"<p>A la fi ha arribat, ja \u00e9s aqu\u00ed el REI CARNESTOLTES!!!<\/p>\n<p>Si cliqueu a sobre de la imatge, podreu veure la seva arribada i el seu preg\u00f3 \ud83d\ude09<\/p>\n<p><a href=\"https:\/\/drive.google.com\/drive\/folders\/1rapqrbdAcTgSjFmaTNxqQenX7zdKCwXI?usp=sharing\"><img loading=\"lazy\" decoding=\"async\" class=\"size-medium wp-image-4785 aligncenter\" src=\"https:\/\/agora.xtec.cat\/ceip-catalunya-sabadell\/wp-content\/uploads\/usu823\/2023\/02\/PHOTO-2023-02-13-16-38-37-1-225x300.jpg\" alt=\"\" width=\"225\" height=\"300\" srcset=\"https:\/\/agora.xtec.cat\/ceip-catalunya-sabadell\/wp-content\/uploads\/usu823\/2023\/02\/PHOTO-2023-02-13-16-38-37-1-225x300.jpg 225w, https:\/\/agora.xtec.cat\/ceip-catalunya-sabadell\/wp-content\/uploads\/usu823\/2023\/02\/PHOTO-2023-02-13-16-38-37-1.jpg 768w\" sizes=\"auto, (max-width: 225px) 100vw, 225px\" \/><\/a><\/p>\n","protected":false},"excerpt":{"rendered":"<p>A la fi ha arribat, ja \u00e9s aqu\u00ed el REI CARNESTOLTES!!!<br \/>\nSi cliqueu a sobre de la imatge, podreu veure la seva arribada i el seu preg\u00f3 \ud83d\ude09<br \/>\n<a href=\"https:\/\/drive.google.com\/drive\/folders\/1rapqrbdAcTgSjFmaTNxqQenX7zdKCwXI?usp=sharing\"><\/a><\/p>\n","protected":false},"author":22,"featured_media":0,"comment_status":"open","ping_status":"closed","sticky":false,"template":"","format":"standard","meta":{"_bbp_topic_count":0,"_bbp_reply_count":0,"_bbp_total_topic_count":0,"_bbp_total_reply_count":0,"_bbp_voice_count":0,"_bbp_anonymous_reply_count":0,"_bbp_topic_count_hidden":0,"_bbp_reply_count_hidden":0,"_bbp_forum_subforum_count":0,"footnotes":""},"categories":[4],"tags":[],"class_list":["post-4784","post","type-post","status-publish","format-standard","hentry","category-portada"],"post_mailing_queue_ids":[],"_links":{"self":[{"href":"https:\/\/agora.xtec.cat\/ceip-catalunya-sabadell\/wp-json\/wp\/v2\/posts\/4784","targetHints":{"allow":["GET"]}}],"collection":[{"href":"https:\/\/agora.xtec.cat\/ceip-catalunya-sabadell\/wp-json\/wp\/v2\/posts"}],"about":[{"href":"https:\/\/agora.xtec.cat\/ceip-catalunya-sabadell\/wp-json\/wp\/v2\/types\/post"}],"author":[{"embeddable":true,"href":"https:\/\/agora.xtec.cat\/ceip-catalunya-sabadell\/wp-json\/wp\/v2\/users\/22"}],"replies":[{"embeddable":true,"href":"https:\/\/agora.xtec.cat\/ceip-catalunya-sabadell\/wp-json\/wp\/v2\/comments?post=4784"}],"version-history":[{"count":3,"href":"https:\/\/agora.xtec.cat\/ceip-catalunya-sabadell\/wp-json\/wp\/v2\/posts\/4784\/revisions"}],"predecessor-version":[{"id":4788,"href":"https:\/\/agora.xtec.cat\/ceip-catalunya-sabadell\/wp-json\/wp\/v2\/posts\/4784\/revisions\/4788"}],"wp:attachment":[{"href":"https:\/\/agora.xtec.cat\/ceip-catalunya-sabadell\/wp-json\/wp\/v2\/media?parent=4784"}],"wp:term":[{"taxonomy":"category","embeddable":true,"href":"https:\/\/agora.xtec.cat\/ceip-catalunya-sabadell\/wp-json\/wp\/v2\/categories?post=4784"},{"taxonomy":"post_tag","embeddable":true,"href":"https:\/\/agora.xtec.cat\/ceip-catalunya-sabadell\/wp-json\/wp\/v2\/tags?post=4784"}],"curies":[{"name":"wp","href":"https:\/\/api.w.org\/{rel}","templated":true}]}}