{"id":4774,"date":"2023-02-10T16:03:13","date_gmt":"2023-02-10T15:03:13","guid":{"rendered":"https:\/\/agora.xtec.cat\/ceip-catalunya-sabadell\/?p=4774"},"modified":"2023-02-10T16:03:13","modified_gmt":"2023-02-10T15:03:13","slug":"11-de-febrer-dia-de-la-dona-cientifica","status":"publish","type":"post","link":"https:\/\/agora.xtec.cat\/ceip-catalunya-sabadell\/general\/11-de-febrer-dia-de-la-dona-cientifica\/","title":{"rendered":"11 DE FEBRER: DIA DE LA DONA CIENT\u00cdFICA"},"content":{"rendered":"<p>Amb motiu de la celebraci\u00f3 del dia de la dona cient\u00edfica dem\u00e0 dissabte, obrim a l&#8217;escola un per\u00edode de temps on l&#8217;alumnat de Prim\u00e0ria far\u00e0 activitats relacionades amb les dones i la ci\u00e8ncia, dins del marc de la coeducaci\u00f3. Avui hem inaugurat les activitats, amb una xerrada online dirigida a l&#8217;alumnat de 6\u00e8, emmarcada dins del programa #100t\u00edfiques. Durant les seg\u00fcents setmanes, els diferents grups de l&#8217;escola faran una activitat relacionada amb aquests temes. La sessi\u00f3 d&#8217;avui ha estat molt interessant, hem conegut a la Laura, una persona cient\u00edfica que actualment treballa en un projecte d&#8217;investigaci\u00f3 sobre l&#8217;Alzheimer:<\/p>\n<p>&nbsp;<\/p>\n<p><a href=\"https:\/\/agora.xtec.cat\/ceip-catalunya-sabadell\/wp-content\/uploads\/usu823\/2023\/02\/Dona-cientifica-6e.png\"><img loading=\"lazy\" decoding=\"async\" class=\"aligncenter wp-image-4775 size-large\" src=\"https:\/\/agora.xtec.cat\/ceip-catalunya-sabadell\/wp-content\/uploads\/usu823\/2023\/02\/Dona-cientifica-6e-1024x379.png\" alt=\"\" width=\"1024\" height=\"379\" srcset=\"https:\/\/agora.xtec.cat\/ceip-catalunya-sabadell\/wp-content\/uploads\/usu823\/2023\/02\/Dona-cientifica-6e-1024x379.png 1024w, https:\/\/agora.xtec.cat\/ceip-catalunya-sabadell\/wp-content\/uploads\/usu823\/2023\/02\/Dona-cientifica-6e-300x111.png 300w, https:\/\/agora.xtec.cat\/ceip-catalunya-sabadell\/wp-content\/uploads\/usu823\/2023\/02\/Dona-cientifica-6e-768x284.png 768w, https:\/\/agora.xtec.cat\/ceip-catalunya-sabadell\/wp-content\/uploads\/usu823\/2023\/02\/Dona-cientifica-6e.png 1466w\" sizes=\"auto, (max-width: 1024px) 100vw, 1024px\" \/><\/a><\/p>\n","protected":false},"excerpt":{"rendered":"<p>Amb motiu de la celebraci\u00f3 del dia de la dona cient\u00edfica dem\u00e0 dissabte, obrim a l&#8217;escola un per\u00edode de temps on l&#8217;alumnat de Prim\u00e0ria far\u00e0 activitats relacionades amb les dones i la ci\u00e8ncia, dins del marc de la coeducaci\u00f3. Avui hem inaugurat les activitats, amb&hellip;  <a href=\"https:\/\/agora.xtec.cat\/ceip-catalunya-sabadell\/general\/11-de-febrer-dia-de-la-dona-cientifica\/\" title=\"Read 11 DE FEBRER: DIA DE LA DONA CIENT\u00cdFICA\">Llegeix m\u00e9s\u00bb<\/a><\/p>\n","protected":false},"author":22,"featured_media":0,"comment_status":"open","ping_status":"closed","sticky":false,"template":"","format":"standard","meta":{"_bbp_topic_count":0,"_bbp_reply_count":0,"_bbp_total_topic_count":0,"_bbp_total_reply_count":0,"_bbp_voice_count":0,"_bbp_anonymous_reply_count":0,"_bbp_topic_count_hidden":0,"_bbp_reply_count_hidden":0,"_bbp_forum_subforum_count":0,"footnotes":""},"categories":[15,1,4],"tags":[],"class_list":["post-4774","post","type-post","status-publish","format-standard","hentry","category-6e","category-general","category-portada"],"post_mailing_queue_ids":[],"_links":{"self":[{"href":"https:\/\/agora.xtec.cat\/ceip-catalunya-sabadell\/wp-json\/wp\/v2\/posts\/4774","targetHints":{"allow":["GET"]}}],"collection":[{"href":"https:\/\/agora.xtec.cat\/ceip-catalunya-sabadell\/wp-json\/wp\/v2\/posts"}],"about":[{"href":"https:\/\/agora.xtec.cat\/ceip-catalunya-sabadell\/wp-json\/wp\/v2\/types\/post"}],"author":[{"embeddable":true,"href":"https:\/\/agora.xtec.cat\/ceip-catalunya-sabadell\/wp-json\/wp\/v2\/users\/22"}],"replies":[{"embeddable":true,"href":"https:\/\/agora.xtec.cat\/ceip-catalunya-sabadell\/wp-json\/wp\/v2\/comments?post=4774"}],"version-history":[{"count":1,"href":"https:\/\/agora.xtec.cat\/ceip-catalunya-sabadell\/wp-json\/wp\/v2\/posts\/4774\/revisions"}],"predecessor-version":[{"id":4776,"href":"https:\/\/agora.xtec.cat\/ceip-catalunya-sabadell\/wp-json\/wp\/v2\/posts\/4774\/revisions\/4776"}],"wp:attachment":[{"href":"https:\/\/agora.xtec.cat\/ceip-catalunya-sabadell\/wp-json\/wp\/v2\/media?parent=4774"}],"wp:term":[{"taxonomy":"category","embeddable":true,"href":"https:\/\/agora.xtec.cat\/ceip-catalunya-sabadell\/wp-json\/wp\/v2\/categories?post=4774"},{"taxonomy":"post_tag","embeddable":true,"href":"https:\/\/agora.xtec.cat\/ceip-catalunya-sabadell\/wp-json\/wp\/v2\/tags?post=4774"}],"curies":[{"name":"wp","href":"https:\/\/api.w.org\/{rel}","templated":true}]}}