{"id":4763,"date":"2023-02-02T11:53:53","date_gmt":"2023-02-02T10:53:53","guid":{"rendered":"https:\/\/agora.xtec.cat\/ceip-catalunya-sabadell\/?p=4763"},"modified":"2023-02-02T15:10:21","modified_gmt":"2023-02-02T14:10:21","slug":"els-pastorets-de-sise-2","status":"publish","type":"post","link":"https:\/\/agora.xtec.cat\/ceip-catalunya-sabadell\/general\/els-pastorets-de-sise-2\/","title":{"rendered":"ELS PASTORETS DE SIS\u00c8"},"content":{"rendered":"<p>Ja tenim la S\u00daPER ESTRENA DELS PASTORETS DE SIS\u00c8!!!!!!!!!!!!!!!<\/p>\n<p>Ha estat una experi\u00e8ncia incre\u00efble.<\/p>\n<p>Us deixem amb els v\u00eddeos i les imatges que podreu veure clicant a la fotografia.<\/p>\n<p>&nbsp;<\/p>\n<p>Esperem que us agradin molt.<a href=\"https:\/\/drive.google.com\/drive\/folders\/1f4UtFakY5iWyGXUZbpaxWbJdgL0PvHZI?usp=share_link\"><img loading=\"lazy\" decoding=\"async\" class=\"alignnone size-large wp-image-4757\" src=\"https:\/\/agora.xtec.cat\/ceip-catalunya-sabadell\/wp-content\/uploads\/usu823\/2023\/02\/IMG_2986-2-scaled-e1675329393492-1024x842.jpg\" alt=\"\" width=\"1024\" height=\"842\" srcset=\"https:\/\/agora.xtec.cat\/ceip-catalunya-sabadell\/wp-content\/uploads\/usu823\/2023\/02\/IMG_2986-2-scaled-e1675329393492-1024x842.jpg 1024w, https:\/\/agora.xtec.cat\/ceip-catalunya-sabadell\/wp-content\/uploads\/usu823\/2023\/02\/IMG_2986-2-scaled-e1675329393492-300x247.jpg 300w, https:\/\/agora.xtec.cat\/ceip-catalunya-sabadell\/wp-content\/uploads\/usu823\/2023\/02\/IMG_2986-2-scaled-e1675329393492-768x631.jpg 768w, https:\/\/agora.xtec.cat\/ceip-catalunya-sabadell\/wp-content\/uploads\/usu823\/2023\/02\/IMG_2986-2-scaled-e1675329393492-1536x1263.jpg 1536w, https:\/\/agora.xtec.cat\/ceip-catalunya-sabadell\/wp-content\/uploads\/usu823\/2023\/02\/IMG_2986-2-scaled-e1675329393492-2048x1684.jpg 2048w\" sizes=\"auto, (max-width: 1024px) 100vw, 1024px\" \/><\/a><\/p>\n<p>&nbsp;<\/p>\n<p>&nbsp;<\/p>\n","protected":false},"excerpt":{"rendered":"<p>Ja tenim la S\u00daPER ESTRENA DELS PASTORETS DE SIS\u00c8!!!!!!!!!!!!!!!<br \/>\nHa estat una experi\u00e8ncia incre\u00efble.<br \/>\nUs deixem amb els v\u00eddeos i les imatges que podreu veure clicant a la fotografia.<br \/>\n&nbsp;<br \/>\nEsperem que us agradin molt.<a href=\"https:\/\/drive.google.com\/drive\/folders\/1f4UtFakY5iWyGXUZbpaxWbJdgL0PvHZI?usp=share_link\"><\/a><br \/>\n&nbsp;<br \/>\n&nbsp;<\/p>\n","protected":false},"author":5,"featured_media":0,"comment_status":"open","ping_status":"closed","sticky":false,"template":"","format":"standard","meta":{"_bbp_topic_count":0,"_bbp_reply_count":0,"_bbp_total_topic_count":0,"_bbp_total_reply_count":0,"_bbp_voice_count":0,"_bbp_anonymous_reply_count":0,"_bbp_topic_count_hidden":0,"_bbp_reply_count_hidden":0,"_bbp_forum_subforum_count":0,"footnotes":""},"categories":[1,4,37],"tags":[],"class_list":["post-4763","post","type-post","status-publish","format-standard","hentry","category-general","category-portada","category-teatre"],"post_mailing_queue_ids":[],"_links":{"self":[{"href":"https:\/\/agora.xtec.cat\/ceip-catalunya-sabadell\/wp-json\/wp\/v2\/posts\/4763","targetHints":{"allow":["GET"]}}],"collection":[{"href":"https:\/\/agora.xtec.cat\/ceip-catalunya-sabadell\/wp-json\/wp\/v2\/posts"}],"about":[{"href":"https:\/\/agora.xtec.cat\/ceip-catalunya-sabadell\/wp-json\/wp\/v2\/types\/post"}],"author":[{"embeddable":true,"href":"https:\/\/agora.xtec.cat\/ceip-catalunya-sabadell\/wp-json\/wp\/v2\/users\/5"}],"replies":[{"embeddable":true,"href":"https:\/\/agora.xtec.cat\/ceip-catalunya-sabadell\/wp-json\/wp\/v2\/comments?post=4763"}],"version-history":[{"count":2,"href":"https:\/\/agora.xtec.cat\/ceip-catalunya-sabadell\/wp-json\/wp\/v2\/posts\/4763\/revisions"}],"predecessor-version":[{"id":4765,"href":"https:\/\/agora.xtec.cat\/ceip-catalunya-sabadell\/wp-json\/wp\/v2\/posts\/4763\/revisions\/4765"}],"wp:attachment":[{"href":"https:\/\/agora.xtec.cat\/ceip-catalunya-sabadell\/wp-json\/wp\/v2\/media?parent=4763"}],"wp:term":[{"taxonomy":"category","embeddable":true,"href":"https:\/\/agora.xtec.cat\/ceip-catalunya-sabadell\/wp-json\/wp\/v2\/categories?post=4763"},{"taxonomy":"post_tag","embeddable":true,"href":"https:\/\/agora.xtec.cat\/ceip-catalunya-sabadell\/wp-json\/wp\/v2\/tags?post=4763"}],"curies":[{"name":"wp","href":"https:\/\/api.w.org\/{rel}","templated":true}]}}