{"id":4754,"date":"2023-01-18T09:16:12","date_gmt":"2023-01-18T08:16:12","guid":{"rendered":"https:\/\/agora.xtec.cat\/ceip-catalunya-sabadell\/?p=4754"},"modified":"2023-03-03T09:17:48","modified_gmt":"2023-03-03T08:17:48","slug":"portes-obertes-2023","status":"publish","type":"post","link":"https:\/\/agora.xtec.cat\/ceip-catalunya-sabadell\/portada\/portes-obertes-2023\/","title":{"rendered":"PORTES OBERTES 2023"},"content":{"rendered":"<p>Benvolgudes fam\u00edlies,<\/p>\n<p>Ja tenim dates per les portes obertes d&#8217;enguany.\u00a0Si voleu visitar les nostres instal\u00b7lacions i con\u00e8ixer el nostre projecte educatiu, ho podreu fer els seg\u00fcents dies en grups redu\u00efts:<\/p>\n<ul>\n<li>22 de febrer a les 15,15h<\/li>\n<li>23 de febrer a les 9,30h<\/li>\n<\/ul>\n<h4>Es prega concertar\u00a0<strong>cita pr\u00e8via trucant al tel\u00e8fon 937269392<\/strong> per poder assistir a la visita guiada de l\u2019escola.<\/h4>\n<p>Clicant la imatge que teniu a sota, podreu con\u00e8ixer-nos una mica millor a trav\u00e9s de les diapositives i v\u00eddeos que us hem preparat.<\/p>\n<p><a href=\"https:\/\/drive.google.com\/file\/d\/1KqNEye1ZpmMFmfmMFqpHXRA3pS3YplIK\/view?usp=sharing\"><img loading=\"lazy\" decoding=\"async\" class=\"alignnone wp-image-4417\" src=\"https:\/\/agora.xtec.cat\/ceip-catalunya-sabadell\/wp-content\/uploads\/usu823\/2022\/01\/PORTES-OBERTES-300x170.png\" alt=\"\" width=\"500\" height=\"283\" srcset=\"https:\/\/agora.xtec.cat\/ceip-catalunya-sabadell\/wp-content\/uploads\/usu823\/2022\/01\/PORTES-OBERTES-300x170.png 300w, https:\/\/agora.xtec.cat\/ceip-catalunya-sabadell\/wp-content\/uploads\/usu823\/2022\/01\/PORTES-OBERTES-1024x579.png 1024w, https:\/\/agora.xtec.cat\/ceip-catalunya-sabadell\/wp-content\/uploads\/usu823\/2022\/01\/PORTES-OBERTES-768x434.png 768w, https:\/\/agora.xtec.cat\/ceip-catalunya-sabadell\/wp-content\/uploads\/usu823\/2022\/01\/PORTES-OBERTES.png 1201w\" sizes=\"auto, (max-width: 500px) 100vw, 500px\" \/><\/a><\/p>\n<p>aix\u00ed com saber-ne m\u00e9s sobre l&#8217;AFA de l&#8217;escola:<\/p>\n<p><a href=\"https:\/\/drive.google.com\/file\/d\/1zF6LFvYFVQ1EbSBACFeEMPePQmGt7Pif\/view?usp=share_link\"><img loading=\"lazy\" decoding=\"async\" class=\"alignnone wp-image-4768 \" src=\"https:\/\/agora.xtec.cat\/ceip-catalunya-sabadell\/wp-content\/uploads\/usu823\/2023\/01\/Sense-titol-1024x575.png\" alt=\"\" width=\"502\" height=\"282\" srcset=\"https:\/\/agora.xtec.cat\/ceip-catalunya-sabadell\/wp-content\/uploads\/usu823\/2023\/01\/Sense-titol-1024x575.png 1024w, https:\/\/agora.xtec.cat\/ceip-catalunya-sabadell\/wp-content\/uploads\/usu823\/2023\/01\/Sense-titol-300x168.png 300w, https:\/\/agora.xtec.cat\/ceip-catalunya-sabadell\/wp-content\/uploads\/usu823\/2023\/01\/Sense-titol-768x431.png 768w, https:\/\/agora.xtec.cat\/ceip-catalunya-sabadell\/wp-content\/uploads\/usu823\/2023\/01\/Sense-titol.png 1400w\" sizes=\"auto, (max-width: 502px) 100vw, 502px\" \/><\/a><\/p>\n<p>&nbsp;<\/p>\n<p><a href=\"https:\/\/drive.google.com\/file\/d\/1Lbj6x_seUajHGlZ6snICzhsAbC6Sejhk\/view?usp=share_link\"> Cliqueu al cartell per con\u00e8ixer les xerrades informatives que organitza l&#8217;Ajuntament de Sabadell\u00a0<\/a><a href=\"https:\/\/drive.google.com\/file\/d\/1Lbj6x_seUajHGlZ6snICzhsAbC6Sejhk\/view?usp=share_link\"><img loading=\"lazy\" decoding=\"async\" class=\"wp-image-4771 size-full alignleft\" src=\"https:\/\/agora.xtec.cat\/ceip-catalunya-sabadell\/wp-content\/uploads\/usu823\/2023\/01\/Sense-titol-1.png\" alt=\"\" width=\"545\" height=\"786\" srcset=\"https:\/\/agora.xtec.cat\/ceip-catalunya-sabadell\/wp-content\/uploads\/usu823\/2023\/01\/Sense-titol-1.png 545w, https:\/\/agora.xtec.cat\/ceip-catalunya-sabadell\/wp-content\/uploads\/usu823\/2023\/01\/Sense-titol-1-208x300.png 208w\" sizes=\"auto, (max-width: 545px) 100vw, 545px\" \/><\/a><\/p>\n<p>&nbsp;<\/p>\n<p>&nbsp;<\/p>\n<p>&nbsp;<\/p>\n<p>&nbsp;<\/p>\n<p>&nbsp;<\/p>\n<p>&nbsp;<\/p>\n<p>&nbsp;<\/p>\n<p>&nbsp;<\/p>\n<p>&nbsp;<\/p>\n<p>&nbsp;<\/p>\n<p>&nbsp;<\/p>\n<p>&nbsp;<\/p>\n<p>&nbsp;<\/p>\n<p>&nbsp;<\/p>\n<p>&nbsp;<\/p>\n<p>&nbsp;<\/p>\n<p>&nbsp;<\/p>\n<p>Per a m\u00e9s informaci\u00f3 podeu consultar l\u2019enlla\u00e7 al web d\u2019Educaci\u00f3:\u00a0<a href=\"https:\/\/web.sabadell.cat\/educacio\" target=\"_blank\" rel=\"noopener\" data-saferedirecturl=\"https:\/\/www.google.com\/url?q=https:\/\/web.sabadell.cat\/educacio&amp;source=gmail&amp;ust=1675949094255000&amp;usg=AOvVaw1b12lCKdsa8yXZQwQ6rAZb\">https:\/\/web.sabadell.cat\/<wbr \/>educacio<\/a><\/p>\n<p><a href=\"https:\/\/drive.google.com\/file\/d\/1o4_5XnPxoRdNip5sdMXkZ6dEqJIB_Wkx\/view?usp=share_link\">D\u00edptic<\/a><\/p>\n<p>Us hi esperem!!!<\/p>\n<p>Equip directiu<\/p>\n","protected":false},"excerpt":{"rendered":"<p>Benvolgudes fam\u00edlies,<br \/>\nJa tenim dates per les portes obertes d&#8217;enguany.\u00a0Si voleu visitar les nostres instal\u00b7lacions i con\u00e8ixer el nostre projecte educatiu, ho podreu fer els seg\u00fcents dies en grups redu\u00efts:<\/p>\n<ul>\n<li>22 de febrer a les 15,15h<\/li>\n<li>23 de febrer a les 9,30h<\/li>\n<\/ul>\n<p>Es prega concertar\u00a0cita pr\u00e8via trucant al tel\u00e8fon&hellip;  <a href=\"https:\/\/agora.xtec.cat\/ceip-catalunya-sabadell\/portada\/portes-obertes-2023\/\" title=\"Read PORTES OBERTES 2023\">Llegeix m\u00e9s\u00bb<\/a><\/p>\n","protected":false},"author":3,"featured_media":0,"comment_status":"open","ping_status":"closed","sticky":false,"template":"","format":"standard","meta":{"_bbp_topic_count":0,"_bbp_reply_count":0,"_bbp_total_topic_count":0,"_bbp_total_reply_count":0,"_bbp_voice_count":0,"_bbp_anonymous_reply_count":0,"_bbp_topic_count_hidden":0,"_bbp_reply_count_hidden":0,"_bbp_forum_subforum_count":0,"footnotes":""},"categories":[4,123],"tags":[],"class_list":["post-4754","post","type-post","status-publish","format-standard","hentry","category-portada","category-preinscripcio-i-matricula"],"post_mailing_queue_ids":[],"_links":{"self":[{"href":"https:\/\/agora.xtec.cat\/ceip-catalunya-sabadell\/wp-json\/wp\/v2\/posts\/4754","targetHints":{"allow":["GET"]}}],"collection":[{"href":"https:\/\/agora.xtec.cat\/ceip-catalunya-sabadell\/wp-json\/wp\/v2\/posts"}],"about":[{"href":"https:\/\/agora.xtec.cat\/ceip-catalunya-sabadell\/wp-json\/wp\/v2\/types\/post"}],"author":[{"embeddable":true,"href":"https:\/\/agora.xtec.cat\/ceip-catalunya-sabadell\/wp-json\/wp\/v2\/users\/3"}],"replies":[{"embeddable":true,"href":"https:\/\/agora.xtec.cat\/ceip-catalunya-sabadell\/wp-json\/wp\/v2\/comments?post=4754"}],"version-history":[{"count":4,"href":"https:\/\/agora.xtec.cat\/ceip-catalunya-sabadell\/wp-json\/wp\/v2\/posts\/4754\/revisions"}],"predecessor-version":[{"id":4800,"href":"https:\/\/agora.xtec.cat\/ceip-catalunya-sabadell\/wp-json\/wp\/v2\/posts\/4754\/revisions\/4800"}],"wp:attachment":[{"href":"https:\/\/agora.xtec.cat\/ceip-catalunya-sabadell\/wp-json\/wp\/v2\/media?parent=4754"}],"wp:term":[{"taxonomy":"category","embeddable":true,"href":"https:\/\/agora.xtec.cat\/ceip-catalunya-sabadell\/wp-json\/wp\/v2\/categories?post=4754"},{"taxonomy":"post_tag","embeddable":true,"href":"https:\/\/agora.xtec.cat\/ceip-catalunya-sabadell\/wp-json\/wp\/v2\/tags?post=4754"}],"curies":[{"name":"wp","href":"https:\/\/api.w.org\/{rel}","templated":true}]}}