{"id":4727,"date":"2022-11-23T13:12:53","date_gmt":"2022-11-23T12:12:53","guid":{"rendered":"https:\/\/agora.xtec.cat\/ceip-catalunya-sabadell\/?p=4727"},"modified":"2022-11-23T13:12:53","modified_gmt":"2022-11-23T12:12:53","slug":"festa-de-santa-cecilia-a-lescola","status":"publish","type":"post","link":"https:\/\/agora.xtec.cat\/ceip-catalunya-sabadell\/general\/festa-de-santa-cecilia-a-lescola\/","title":{"rendered":"FESTA DE SANTA CEC\u00cdLIA A L&#8217;ESCOLA"},"content":{"rendered":"<p>El 22 de novembre vam celebrar a l&#8217;escola la festa de Santa Cec\u00edlia, patrona de la m\u00fasica.<\/p>\n<p>Vam passar una matinal espectacular a l&#8217;auditori del\u00a0 Centre C\u00edvic de Can Rull, gaudint del CONCERT DE L&#8217;AMISTAT, amb interpretacions de can\u00e7ons fetes pels diferents nivells de Prim\u00e0ria i tamb\u00e9 amb la participaci\u00f3 dels i les solistes de l&#8217;escola.<\/p>\n<p>A la tarda, es va fer un petit concert per l&#8217;alumnat d&#8217;Educaci\u00f3 Infantil, amb l&#8217;alumnat solista.<\/p>\n<p>Si cliqueu a la seg\u00fcent imatge, podreu gaudir tamb\u00e9 del nostre concert!<\/p>\n<p>&nbsp;<\/p>\n<p style=\"text-align: center\"><a href=\"https:\/\/drive.google.com\/drive\/folders\/1O7Tio6CISU0n2cqp3DlCUGlkZop_WMPs?usp=share_link\"><img loading=\"lazy\" decoding=\"async\" class=\"alignnone size-medium wp-image-4728\" src=\"https:\/\/agora.xtec.cat\/ceip-catalunya-sabadell\/wp-content\/uploads\/usu823\/2022\/11\/IMG_7421-225x300.jpg\" alt=\"\" width=\"225\" height=\"300\" srcset=\"https:\/\/agora.xtec.cat\/ceip-catalunya-sabadell\/wp-content\/uploads\/usu823\/2022\/11\/IMG_7421-225x300.jpg 225w, https:\/\/agora.xtec.cat\/ceip-catalunya-sabadell\/wp-content\/uploads\/usu823\/2022\/11\/IMG_7421-768x1024.jpg 768w, https:\/\/agora.xtec.cat\/ceip-catalunya-sabadell\/wp-content\/uploads\/usu823\/2022\/11\/IMG_7421-1152x1536.jpg 1152w, https:\/\/agora.xtec.cat\/ceip-catalunya-sabadell\/wp-content\/uploads\/usu823\/2022\/11\/IMG_7421-1536x2048.jpg 1536w, https:\/\/agora.xtec.cat\/ceip-catalunya-sabadell\/wp-content\/uploads\/usu823\/2022\/11\/IMG_7421-scaled.jpg 1920w\" sizes=\"auto, (max-width: 225px) 100vw, 225px\" \/><\/a><\/p>\n","protected":false},"excerpt":{"rendered":"<p>El 22 de novembre vam celebrar a l&#8217;escola la festa de Santa Cec\u00edlia, patrona de la m\u00fasica.<br \/>\nVam passar una matinal espectacular a l&#8217;auditori del\u00a0 Centre C\u00edvic de Can Rull, gaudint del CONCERT DE L&#8217;AMISTAT, amb interpretacions de can\u00e7ons fetes pels diferents nivells de Prim\u00e0ria i&hellip;  <a href=\"https:\/\/agora.xtec.cat\/ceip-catalunya-sabadell\/general\/festa-de-santa-cecilia-a-lescola\/\" title=\"Read FESTA DE SANTA CEC\u00cdLIA A L&#8217;ESCOLA\">Llegeix m\u00e9s\u00bb<\/a><\/p>\n","protected":false},"author":22,"featured_media":0,"comment_status":"open","ping_status":"closed","sticky":false,"template":"","format":"standard","meta":{"_bbp_topic_count":0,"_bbp_reply_count":0,"_bbp_total_topic_count":0,"_bbp_total_reply_count":0,"_bbp_voice_count":0,"_bbp_anonymous_reply_count":0,"_bbp_topic_count_hidden":0,"_bbp_reply_count_hidden":0,"_bbp_forum_subforum_count":0,"footnotes":""},"categories":[36,1,44,4],"tags":[],"class_list":["post-4727","post","type-post","status-publish","format-standard","hentry","category-festes","category-general","category-musica","category-portada"],"post_mailing_queue_ids":[],"_links":{"self":[{"href":"https:\/\/agora.xtec.cat\/ceip-catalunya-sabadell\/wp-json\/wp\/v2\/posts\/4727","targetHints":{"allow":["GET"]}}],"collection":[{"href":"https:\/\/agora.xtec.cat\/ceip-catalunya-sabadell\/wp-json\/wp\/v2\/posts"}],"about":[{"href":"https:\/\/agora.xtec.cat\/ceip-catalunya-sabadell\/wp-json\/wp\/v2\/types\/post"}],"author":[{"embeddable":true,"href":"https:\/\/agora.xtec.cat\/ceip-catalunya-sabadell\/wp-json\/wp\/v2\/users\/22"}],"replies":[{"embeddable":true,"href":"https:\/\/agora.xtec.cat\/ceip-catalunya-sabadell\/wp-json\/wp\/v2\/comments?post=4727"}],"version-history":[{"count":2,"href":"https:\/\/agora.xtec.cat\/ceip-catalunya-sabadell\/wp-json\/wp\/v2\/posts\/4727\/revisions"}],"predecessor-version":[{"id":4730,"href":"https:\/\/agora.xtec.cat\/ceip-catalunya-sabadell\/wp-json\/wp\/v2\/posts\/4727\/revisions\/4730"}],"wp:attachment":[{"href":"https:\/\/agora.xtec.cat\/ceip-catalunya-sabadell\/wp-json\/wp\/v2\/media?parent=4727"}],"wp:term":[{"taxonomy":"category","embeddable":true,"href":"https:\/\/agora.xtec.cat\/ceip-catalunya-sabadell\/wp-json\/wp\/v2\/categories?post=4727"},{"taxonomy":"post_tag","embeddable":true,"href":"https:\/\/agora.xtec.cat\/ceip-catalunya-sabadell\/wp-json\/wp\/v2\/tags?post=4727"}],"curies":[{"name":"wp","href":"https:\/\/api.w.org\/{rel}","templated":true}]}}