{"id":4685,"date":"2022-10-20T09:24:06","date_gmt":"2022-10-20T07:24:06","guid":{"rendered":"https:\/\/agora.xtec.cat\/ceip-catalunya-sabadell\/?p=4685"},"modified":"2022-10-20T09:24:06","modified_gmt":"2022-10-20T07:24:06","slug":"lego-wedo-3r","status":"publish","type":"post","link":"https:\/\/agora.xtec.cat\/ceip-catalunya-sabadell\/general\/lego-wedo-3r\/","title":{"rendered":"Lego WeDo, 3r"},"content":{"rendered":"<p>Els grups de 3r hem fet la primera sortida del curs anant a l&#8217;Espai Cultural a fer una activitat de rob\u00f2tica i programaci\u00f3 amb Legos.<\/p>\n<p>Ens ha agradat molt\u00edssim i hem descobert que se&#8217;ns dona molt b\u00e9 la programaci\u00f3.<\/p>\n<p>Aqu\u00ed us deixen un recull de <a href=\"https:\/\/drive.google.com\/drive\/folders\/1hRnngAVmYQspTUWgf1uiokky7DAACC-Y?usp=sharing\">fotografies i v\u00eddeos.<\/a><\/p>\n","protected":false},"excerpt":{"rendered":"<p>Els grups de 3r hem fet la primera sortida del curs anant a l&#8217;Espai Cultural a fer una activitat de rob\u00f2tica i programaci\u00f3 amb Legos.<br \/>\nEns ha agradat molt\u00edssim i hem descobert que se&#8217;ns dona molt b\u00e9 la programaci\u00f3.<br \/>\nAqu\u00ed us deixen un recull de <a href=\"https:\/\/drive.google.com\/drive\/folders\/1hRnngAVmYQspTUWgf1uiokky7DAACC-Y?usp=sharing\">fotografies&hellip;  <a href=\"https:\/\/agora.xtec.cat\/ceip-catalunya-sabadell\/general\/lego-wedo-3r\/\" title=\"Read Lego WeDo, 3r\">Llegeix m\u00e9s\u00bb<\/a><\/p>\n","protected":false},"author":60,"featured_media":0,"comment_status":"open","ping_status":"closed","sticky":false,"template":"","format":"standard","meta":{"_bbp_topic_count":0,"_bbp_reply_count":0,"_bbp_total_topic_count":0,"_bbp_total_reply_count":0,"_bbp_voice_count":0,"_bbp_anonymous_reply_count":0,"_bbp_topic_count_hidden":0,"_bbp_reply_count_hidden":0,"_bbp_forum_subforum_count":0,"footnotes":""},"categories":[43,1],"tags":[],"class_list":["post-4685","post","type-post","status-publish","format-standard","hentry","category-cultura-digital","category-general"],"post_mailing_queue_ids":[],"_links":{"self":[{"href":"https:\/\/agora.xtec.cat\/ceip-catalunya-sabadell\/wp-json\/wp\/v2\/posts\/4685","targetHints":{"allow":["GET"]}}],"collection":[{"href":"https:\/\/agora.xtec.cat\/ceip-catalunya-sabadell\/wp-json\/wp\/v2\/posts"}],"about":[{"href":"https:\/\/agora.xtec.cat\/ceip-catalunya-sabadell\/wp-json\/wp\/v2\/types\/post"}],"author":[{"embeddable":true,"href":"https:\/\/agora.xtec.cat\/ceip-catalunya-sabadell\/wp-json\/wp\/v2\/users\/60"}],"replies":[{"embeddable":true,"href":"https:\/\/agora.xtec.cat\/ceip-catalunya-sabadell\/wp-json\/wp\/v2\/comments?post=4685"}],"version-history":[{"count":2,"href":"https:\/\/agora.xtec.cat\/ceip-catalunya-sabadell\/wp-json\/wp\/v2\/posts\/4685\/revisions"}],"predecessor-version":[{"id":4687,"href":"https:\/\/agora.xtec.cat\/ceip-catalunya-sabadell\/wp-json\/wp\/v2\/posts\/4685\/revisions\/4687"}],"wp:attachment":[{"href":"https:\/\/agora.xtec.cat\/ceip-catalunya-sabadell\/wp-json\/wp\/v2\/media?parent=4685"}],"wp:term":[{"taxonomy":"category","embeddable":true,"href":"https:\/\/agora.xtec.cat\/ceip-catalunya-sabadell\/wp-json\/wp\/v2\/categories?post=4685"},{"taxonomy":"post_tag","embeddable":true,"href":"https:\/\/agora.xtec.cat\/ceip-catalunya-sabadell\/wp-json\/wp\/v2\/tags?post=4685"}],"curies":[{"name":"wp","href":"https:\/\/api.w.org\/{rel}","templated":true}]}}