{"id":468,"date":"2016-04-08T10:07:06","date_gmt":"2016-04-08T09:07:06","guid":{"rendered":"http:\/\/agora.xtec.cat\/ceip-catalunya-sabadell\/?p=468"},"modified":"2016-04-08T15:38:26","modified_gmt":"2016-04-08T14:38:26","slug":"beques-material-i-menjador-15-16","status":"publish","type":"post","link":"https:\/\/agora.xtec.cat\/ceip-catalunya-sabadell\/portada\/beques-material-i-menjador-15-16\/","title":{"rendered":"BEQUES MATERIAL I MENJADOR 16-17"},"content":{"rendered":"<div><span style=\"font-size: large;\"><span style=\"font-size: medium;\">Us informem que del 19 al 22 d&#8217;abril es poden presentar les sol\u00b7licituds\u00a0 per demanar beca de llibres de text i ajuts de menjador pel curs vinent.<br \/>\n<\/span><\/span><\/div>\n<div><span style=\"font-size: large;\"><span style=\"font-size: large;\"><span style=\"font-size: medium;\">Es pot demanar una o les dues convocat\u00f2ries. Les sol\u00b7licituds van per separat, per\u00f2 la documentaci\u00f3 \u00e9s \u00fanica i v\u00e0lida per a les dues. <a href=\"https:\/\/drive.google.com\/file\/d\/0B6qeKH4Pwmd5QkQ0RUhXcHIzdEU\/view?usp=sharing\">Lloc i horari per presentar les sol\u00b7licituds<\/a><\/span><\/span><\/span>&nbsp;<\/p>\n<\/div>\n<div><span style=\"font-size: large;\"><span style=\"font-size: medium;\">En els seg\u00fcents enlla\u00e7os podreu trobar tota la informaci\u00f3:<\/span><\/span><\/div>\n<div><\/div>\n<div><span style=\"font-size: large;\"><span style=\"font-size: medium;\"><a href=\"https:\/\/drive.google.com\/file\/d\/0B6qeKH4Pwmd5NTY4bFpCMkJCQlU\/view?usp=sharing\">Guia informativa fam\u00edlies LLIBRES I MATERIALS<\/a><br \/>\n<a href=\"https:\/\/drive.google.com\/file\/d\/0B6qeKH4Pwmd5Y3ExLU9NTGVQZzg\/view?usp=sharing\">Sol\u00b7licitud LLIBRES I MATERIALS<\/a><br \/>\n<\/span><\/span><\/div>\n<div><\/div>\n<div><span style=\"font-size: large;\"><span style=\"font-size: medium;\"><a href=\"https:\/\/drive.google.com\/file\/d\/0B6qeKH4Pwmd5YmhHak9TaE8wUlE\/view?usp=sharing\">Guia informativa fam\u00edlies MENJADOR<\/a><br \/>\n<\/span><\/span><\/div>\n<div><a href=\"https:\/\/drive.google.com\/file\/d\/0B6qeKH4Pwmd5WjFqZUgzc0kxekU\/view?usp=sharing\">Sol\u00b7licitud MENJADOR<\/a><\/div>\n<div><\/div>\n<div><a href=\"https:\/\/drive.google.com\/file\/d\/0B6qeKH4Pwmd5aDdaSUZhRy1hb28\/view?usp=sharing\">Autoritzaci\u00f3 Consulta dades<\/a><\/div>\n<div><a href=\"https:\/\/drive.google.com\/file\/d\/0B6qeKH4Pwmd5eFd3aU9TOTJwZlU\/view?usp=sharing\">Declaraci\u00f3 responsable d&#8217;ingressos<\/a><\/div>\n<div><\/div>\n","protected":false},"excerpt":{"rendered":"<p>Us informem que del 19 al 22 d&#8217;abril es poden presentar les sol\u00b7licituds\u00a0 per demanar beca de llibres de text i ajuts de menjador pel curs vinent.<\/p>\n<p>Es pot demanar una o les dues convocat\u00f2ries. Les sol\u00b7licituds van per separat, per\u00f2 la documentaci\u00f3 \u00e9s \u00fanica i&hellip;  <a href=\"https:\/\/agora.xtec.cat\/ceip-catalunya-sabadell\/portada\/beques-material-i-menjador-15-16\/\" title=\"Read BEQUES MATERIAL I MENJADOR 16-17\">Llegeix m\u00e9s\u00bb<\/a><\/p>\n","protected":false},"author":1,"featured_media":0,"comment_status":"open","ping_status":"open","sticky":false,"template":"","format":"standard","meta":{"_bbp_topic_count":0,"_bbp_reply_count":0,"_bbp_total_topic_count":0,"_bbp_total_reply_count":0,"_bbp_voice_count":0,"_bbp_anonymous_reply_count":0,"_bbp_topic_count_hidden":0,"_bbp_reply_count_hidden":0,"_bbp_forum_subforum_count":0,"footnotes":""},"categories":[4],"tags":[],"class_list":["post-468","post","type-post","status-publish","format-standard","hentry","category-portada"],"post_mailing_queue_ids":[],"_links":{"self":[{"href":"https:\/\/agora.xtec.cat\/ceip-catalunya-sabadell\/wp-json\/wp\/v2\/posts\/468","targetHints":{"allow":["GET"]}}],"collection":[{"href":"https:\/\/agora.xtec.cat\/ceip-catalunya-sabadell\/wp-json\/wp\/v2\/posts"}],"about":[{"href":"https:\/\/agora.xtec.cat\/ceip-catalunya-sabadell\/wp-json\/wp\/v2\/types\/post"}],"author":[{"embeddable":true,"href":"https:\/\/agora.xtec.cat\/ceip-catalunya-sabadell\/wp-json\/wp\/v2\/users\/1"}],"replies":[{"embeddable":true,"href":"https:\/\/agora.xtec.cat\/ceip-catalunya-sabadell\/wp-json\/wp\/v2\/comments?post=468"}],"version-history":[{"count":2,"href":"https:\/\/agora.xtec.cat\/ceip-catalunya-sabadell\/wp-json\/wp\/v2\/posts\/468\/revisions"}],"predecessor-version":[{"id":470,"href":"https:\/\/agora.xtec.cat\/ceip-catalunya-sabadell\/wp-json\/wp\/v2\/posts\/468\/revisions\/470"}],"wp:attachment":[{"href":"https:\/\/agora.xtec.cat\/ceip-catalunya-sabadell\/wp-json\/wp\/v2\/media?parent=468"}],"wp:term":[{"taxonomy":"category","embeddable":true,"href":"https:\/\/agora.xtec.cat\/ceip-catalunya-sabadell\/wp-json\/wp\/v2\/categories?post=468"},{"taxonomy":"post_tag","embeddable":true,"href":"https:\/\/agora.xtec.cat\/ceip-catalunya-sabadell\/wp-json\/wp\/v2\/tags?post=468"}],"curies":[{"name":"wp","href":"https:\/\/api.w.org\/{rel}","templated":true}]}}