{"id":4670,"date":"2022-10-04T16:11:14","date_gmt":"2022-10-04T14:11:14","guid":{"rendered":"https:\/\/agora.xtec.cat\/ceip-catalunya-sabadell\/?p=4670"},"modified":"2022-10-06T15:24:09","modified_gmt":"2022-10-06T13:24:09","slug":"inauguracio-de-la-casa-del-teatre","status":"publish","type":"post","link":"https:\/\/agora.xtec.cat\/ceip-catalunya-sabadell\/portada\/inauguracio-de-la-casa-del-teatre\/","title":{"rendered":"Inauguraci\u00f3 de&#8230; LA CASA DEL TEATRE ;)"},"content":{"rendered":"<p>Ens complau comunicar-vos que hem inaugurat oficialment LA CASA DEL TEATRE\u00a0 de l&#8217;escola!<\/p>\n<p>Hem aprofitat l&#8217;espai on ja es feia l&#8217;ambient d&#8217;Educaci\u00f3 Infantil 3,2,1&#8230; ACCI\u00d3! i l&#8217;hem reconvertit en un lloc art\u00edstic on tot l&#8217;alumnat en podr\u00e0 gaudir. Tenim tres espais (aula gran decorada amb tots els projectes que es fan a l&#8217;escola de teatre: Pastorets, El Petit Pr\u00edncep, Telenot\u00edcies, Art i Poesia, El Temps, Les Titelles i 3, 2, 1&#8230; acci\u00f3), aula de materials i atrezzo i aula de vestuari i disfresses.<\/p>\n<p>A partir d&#8217;ara, juntament amb l&#8217;aula de psicomotricitat i l&#8217;espai de chroma ja podrem aprofitar uns espais genials per poder continuar amb els nostres projectes teatrals.<\/p>\n<p>Aqu\u00ed teniu l&#8217;enlla\u00e7 que us dur\u00e0 a veure aquest espai meravell\u00f3s i com els diferents grups l&#8217;han anat a visitar (nom\u00e9s cal que cliqueu a la imatge):<\/p>\n<p style=\"text-align: center\"><a href=\"https:\/\/drive.google.com\/drive\/folders\/1xMuugl6IdkmuAMTd9halztnQ3Jl05lMt?usp=sharing\"><img loading=\"lazy\" decoding=\"async\" class=\"alignnone size-medium wp-image-4673\" src=\"https:\/\/agora.xtec.cat\/ceip-catalunya-sabadell\/wp-content\/uploads\/usu823\/2022\/10\/ESPAI-PETIT-PRINCEP-225x300.jpg\" alt=\"\" width=\"225\" height=\"300\" srcset=\"https:\/\/agora.xtec.cat\/ceip-catalunya-sabadell\/wp-content\/uploads\/usu823\/2022\/10\/ESPAI-PETIT-PRINCEP-225x300.jpg 225w, https:\/\/agora.xtec.cat\/ceip-catalunya-sabadell\/wp-content\/uploads\/usu823\/2022\/10\/ESPAI-PETIT-PRINCEP-768x1024.jpg 768w, https:\/\/agora.xtec.cat\/ceip-catalunya-sabadell\/wp-content\/uploads\/usu823\/2022\/10\/ESPAI-PETIT-PRINCEP-1152x1536.jpg 1152w, https:\/\/agora.xtec.cat\/ceip-catalunya-sabadell\/wp-content\/uploads\/usu823\/2022\/10\/ESPAI-PETIT-PRINCEP-1536x2048.jpg 1536w, https:\/\/agora.xtec.cat\/ceip-catalunya-sabadell\/wp-content\/uploads\/usu823\/2022\/10\/ESPAI-PETIT-PRINCEP-scaled.jpg 1920w\" sizes=\"auto, (max-width: 225px) 100vw, 225px\" \/><\/a><\/p>\n<p>&nbsp;<\/p>\n<p>&nbsp;<\/p>\n","protected":false},"excerpt":{"rendered":"<p>Ens complau comunicar-vos que hem inaugurat oficialment LA CASA DEL TEATRE\u00a0 de l&#8217;escola!<br \/>\nHem aprofitat l&#8217;espai on ja es feia l&#8217;ambient d&#8217;Educaci\u00f3 Infantil 3,2,1&#8230; ACCI\u00d3! i l&#8217;hem reconvertit en un lloc art\u00edstic on tot l&#8217;alumnat en podr\u00e0 gaudir. Tenim tres espais (aula gran decorada amb tots&hellip;  <a href=\"https:\/\/agora.xtec.cat\/ceip-catalunya-sabadell\/portada\/inauguracio-de-la-casa-del-teatre\/\" title=\"Read Inauguraci\u00f3 de&#8230; LA CASA DEL TEATRE ;)\">Llegeix m\u00e9s\u00bb<\/a><\/p>\n","protected":false},"author":22,"featured_media":4673,"comment_status":"open","ping_status":"closed","sticky":false,"template":"","format":"standard","meta":{"_bbp_topic_count":0,"_bbp_reply_count":0,"_bbp_total_topic_count":0,"_bbp_total_reply_count":0,"_bbp_voice_count":0,"_bbp_anonymous_reply_count":0,"_bbp_topic_count_hidden":0,"_bbp_reply_count_hidden":0,"_bbp_forum_subforum_count":0,"footnotes":""},"categories":[4,37],"tags":[],"class_list":["post-4670","post","type-post","status-publish","format-standard","has-post-thumbnail","hentry","category-portada","category-teatre"],"post_mailing_queue_ids":[],"_links":{"self":[{"href":"https:\/\/agora.xtec.cat\/ceip-catalunya-sabadell\/wp-json\/wp\/v2\/posts\/4670","targetHints":{"allow":["GET"]}}],"collection":[{"href":"https:\/\/agora.xtec.cat\/ceip-catalunya-sabadell\/wp-json\/wp\/v2\/posts"}],"about":[{"href":"https:\/\/agora.xtec.cat\/ceip-catalunya-sabadell\/wp-json\/wp\/v2\/types\/post"}],"author":[{"embeddable":true,"href":"https:\/\/agora.xtec.cat\/ceip-catalunya-sabadell\/wp-json\/wp\/v2\/users\/22"}],"replies":[{"embeddable":true,"href":"https:\/\/agora.xtec.cat\/ceip-catalunya-sabadell\/wp-json\/wp\/v2\/comments?post=4670"}],"version-history":[{"count":3,"href":"https:\/\/agora.xtec.cat\/ceip-catalunya-sabadell\/wp-json\/wp\/v2\/posts\/4670\/revisions"}],"predecessor-version":[{"id":4675,"href":"https:\/\/agora.xtec.cat\/ceip-catalunya-sabadell\/wp-json\/wp\/v2\/posts\/4670\/revisions\/4675"}],"wp:featuredmedia":[{"embeddable":true,"href":"https:\/\/agora.xtec.cat\/ceip-catalunya-sabadell\/wp-json\/wp\/v2\/media\/4673"}],"wp:attachment":[{"href":"https:\/\/agora.xtec.cat\/ceip-catalunya-sabadell\/wp-json\/wp\/v2\/media?parent=4670"}],"wp:term":[{"taxonomy":"category","embeddable":true,"href":"https:\/\/agora.xtec.cat\/ceip-catalunya-sabadell\/wp-json\/wp\/v2\/categories?post=4670"},{"taxonomy":"post_tag","embeddable":true,"href":"https:\/\/agora.xtec.cat\/ceip-catalunya-sabadell\/wp-json\/wp\/v2\/tags?post=4670"}],"curies":[{"name":"wp","href":"https:\/\/api.w.org\/{rel}","templated":true}]}}