{"id":4634,"date":"2022-06-15T09:19:05","date_gmt":"2022-06-15T07:19:05","guid":{"rendered":"https:\/\/agora.xtec.cat\/ceip-catalunya-sabadell\/?p=4634"},"modified":"2022-06-15T09:19:05","modified_gmt":"2022-06-15T07:19:05","slug":"entrevista-a-radio-sabadell","status":"publish","type":"post","link":"https:\/\/agora.xtec.cat\/ceip-catalunya-sabadell\/portada\/entrevista-a-radio-sabadell\/","title":{"rendered":"ENTREVISTA A R\u00c0DIO SABADELL"},"content":{"rendered":"<p dir=\"ltr\">Clicant la imatge, podreu accedir al podcast de la nostra visita a R\u00e0dio Sabadell per a presentar les activitats, la can\u00e7\u00f3 i la festa del 40\u00e8 aniversari.<\/p>\n<p dir=\"ltr\"><a href=\"https:\/\/radiosabadell.fm\/alacarta\/audio\/lescola-catalunya-celebra-40-anys-amb-una-festa-i-un-himne\"><img loading=\"lazy\" decoding=\"async\" class=\"alignnone size-full wp-image-4636\" src=\"https:\/\/agora.xtec.cat\/ceip-catalunya-sabadell\/wp-content\/uploads\/usu823\/2022\/06\/bee60d51-7485-4012-b5c0-c6442ce222c5.jpg\" alt=\"\" width=\"292\" height=\"200\" \/><\/a><\/p>\n","protected":false},"excerpt":{"rendered":"<p>Clicant la imatge, podreu accedir al podcast de la nostra visita a R\u00e0dio Sabadell per a presentar les activitats, la can\u00e7\u00f3 i la festa del 40\u00e8 aniversari.<br \/>\n<a href=\"https:\/\/radiosabadell.fm\/alacarta\/audio\/lescola-catalunya-celebra-40-anys-amb-una-festa-i-un-himne\"><\/a><\/p>\n","protected":false},"author":3,"featured_media":4636,"comment_status":"open","ping_status":"closed","sticky":false,"template":"","format":"standard","meta":{"_bbp_topic_count":0,"_bbp_reply_count":0,"_bbp_total_topic_count":0,"_bbp_total_reply_count":0,"_bbp_voice_count":0,"_bbp_anonymous_reply_count":0,"_bbp_topic_count_hidden":0,"_bbp_reply_count_hidden":0,"_bbp_forum_subforum_count":0,"footnotes":""},"categories":[133,4],"tags":[],"class_list":["post-4634","post","type-post","status-publish","format-standard","has-post-thumbnail","hentry","category-40e-aniversari","category-portada"],"post_mailing_queue_ids":[],"_links":{"self":[{"href":"https:\/\/agora.xtec.cat\/ceip-catalunya-sabadell\/wp-json\/wp\/v2\/posts\/4634","targetHints":{"allow":["GET"]}}],"collection":[{"href":"https:\/\/agora.xtec.cat\/ceip-catalunya-sabadell\/wp-json\/wp\/v2\/posts"}],"about":[{"href":"https:\/\/agora.xtec.cat\/ceip-catalunya-sabadell\/wp-json\/wp\/v2\/types\/post"}],"author":[{"embeddable":true,"href":"https:\/\/agora.xtec.cat\/ceip-catalunya-sabadell\/wp-json\/wp\/v2\/users\/3"}],"replies":[{"embeddable":true,"href":"https:\/\/agora.xtec.cat\/ceip-catalunya-sabadell\/wp-json\/wp\/v2\/comments?post=4634"}],"version-history":[{"count":1,"href":"https:\/\/agora.xtec.cat\/ceip-catalunya-sabadell\/wp-json\/wp\/v2\/posts\/4634\/revisions"}],"predecessor-version":[{"id":4637,"href":"https:\/\/agora.xtec.cat\/ceip-catalunya-sabadell\/wp-json\/wp\/v2\/posts\/4634\/revisions\/4637"}],"wp:featuredmedia":[{"embeddable":true,"href":"https:\/\/agora.xtec.cat\/ceip-catalunya-sabadell\/wp-json\/wp\/v2\/media\/4636"}],"wp:attachment":[{"href":"https:\/\/agora.xtec.cat\/ceip-catalunya-sabadell\/wp-json\/wp\/v2\/media?parent=4634"}],"wp:term":[{"taxonomy":"category","embeddable":true,"href":"https:\/\/agora.xtec.cat\/ceip-catalunya-sabadell\/wp-json\/wp\/v2\/categories?post=4634"},{"taxonomy":"post_tag","embeddable":true,"href":"https:\/\/agora.xtec.cat\/ceip-catalunya-sabadell\/wp-json\/wp\/v2\/tags?post=4634"}],"curies":[{"name":"wp","href":"https:\/\/api.w.org\/{rel}","templated":true}]}}