{"id":4628,"date":"2022-06-14T11:15:23","date_gmt":"2022-06-14T09:15:23","guid":{"rendered":"https:\/\/agora.xtec.cat\/ceip-catalunya-sabadell\/?p=4628"},"modified":"2022-06-14T11:21:53","modified_gmt":"2022-06-14T09:21:53","slug":"web-40e-aniversari","status":"publish","type":"post","link":"https:\/\/agora.xtec.cat\/ceip-catalunya-sabadell\/portada\/web-40e-aniversari\/","title":{"rendered":"WEB 40\u00e8 aniversari"},"content":{"rendered":"<p>Benvolgudes fam\u00edlies,<\/p>\n<p>ens fa molta il\u00b7lusi\u00f3 presentar-vos la <a href=\"https:\/\/sites.google.com\/xtec.cat\/40aniversari\/inici\">web <\/a>que hem creat pel 40\u00e8 aniversari, amb una mostra de les activitats que hem dut a terme al llarg del curs aix\u00ed com un recull de\u00a0 fotografies d&#8217;antigues promocions que han anat passat per l&#8217;escola, des del 1981.<\/p>\n<p>\u00c9s una web que es troba en construcci\u00f3, doncs esperem poder-hi afegir moltes m\u00e9s imatges i v\u00eddeos del dia de la festa, aix\u00ed com d&#8217;altres activitats que estem fent els darrers dies de curs.<\/p>\n<p>De fet, tindreu acc\u00e9s a un \u00e0lbum de fotos compartit on podreu adjuntar-hi les fotografies i v\u00eddeos que aneu fent el dia de la festa. <a href=\"https:\/\/photos.google.com\/share\/AF1QipPtJ32EvY68IrOQ5lJ5R9yl_7Y2hisSNLb8HyWgxDwdEpYyvS1_1IYYRhrEWozEAw?pli=1&amp;key=TFlnSTFteFJXZDY1Q24zSTFFXzhhMTI3TnNfNVZR\">\u00c0LBUM COMPARTIT<\/a><\/p>\n<p><a href=\"https:\/\/sites.google.com\/xtec.cat\/40aniversari\/inici\">WEB<\/a><\/p>\n<p>Esperem que us agradi molt!!! Comen\u00e7a el compte enrere!!! Fins dissabte!!!<\/p>\n","protected":false},"excerpt":{"rendered":"<p>Benvolgudes fam\u00edlies,<br \/>\nens fa molta il\u00b7lusi\u00f3 presentar-vos la <a href=\"https:\/\/sites.google.com\/xtec.cat\/40aniversari\/inici\">web <\/a>que hem creat pel 40\u00e8 aniversari, amb una mostra de les activitats que hem dut a terme al llarg del curs aix\u00ed com un recull de\u00a0 fotografies d&#8217;antigues promocions que han anat passat per l&#8217;escola, des&hellip;  <a href=\"https:\/\/agora.xtec.cat\/ceip-catalunya-sabadell\/portada\/web-40e-aniversari\/\" title=\"Read WEB 40\u00e8 aniversari\">Llegeix m\u00e9s\u00bb<\/a><\/p>\n","protected":false},"author":3,"featured_media":0,"comment_status":"open","ping_status":"closed","sticky":false,"template":"","format":"standard","meta":{"_bbp_topic_count":0,"_bbp_reply_count":0,"_bbp_total_topic_count":0,"_bbp_total_reply_count":0,"_bbp_voice_count":0,"_bbp_anonymous_reply_count":0,"_bbp_topic_count_hidden":0,"_bbp_reply_count_hidden":0,"_bbp_forum_subforum_count":0,"footnotes":""},"categories":[133,4],"tags":[],"class_list":["post-4628","post","type-post","status-publish","format-standard","hentry","category-40e-aniversari","category-portada"],"post_mailing_queue_ids":[],"_links":{"self":[{"href":"https:\/\/agora.xtec.cat\/ceip-catalunya-sabadell\/wp-json\/wp\/v2\/posts\/4628","targetHints":{"allow":["GET"]}}],"collection":[{"href":"https:\/\/agora.xtec.cat\/ceip-catalunya-sabadell\/wp-json\/wp\/v2\/posts"}],"about":[{"href":"https:\/\/agora.xtec.cat\/ceip-catalunya-sabadell\/wp-json\/wp\/v2\/types\/post"}],"author":[{"embeddable":true,"href":"https:\/\/agora.xtec.cat\/ceip-catalunya-sabadell\/wp-json\/wp\/v2\/users\/3"}],"replies":[{"embeddable":true,"href":"https:\/\/agora.xtec.cat\/ceip-catalunya-sabadell\/wp-json\/wp\/v2\/comments?post=4628"}],"version-history":[{"count":3,"href":"https:\/\/agora.xtec.cat\/ceip-catalunya-sabadell\/wp-json\/wp\/v2\/posts\/4628\/revisions"}],"predecessor-version":[{"id":4632,"href":"https:\/\/agora.xtec.cat\/ceip-catalunya-sabadell\/wp-json\/wp\/v2\/posts\/4628\/revisions\/4632"}],"wp:attachment":[{"href":"https:\/\/agora.xtec.cat\/ceip-catalunya-sabadell\/wp-json\/wp\/v2\/media?parent=4628"}],"wp:term":[{"taxonomy":"category","embeddable":true,"href":"https:\/\/agora.xtec.cat\/ceip-catalunya-sabadell\/wp-json\/wp\/v2\/categories?post=4628"},{"taxonomy":"post_tag","embeddable":true,"href":"https:\/\/agora.xtec.cat\/ceip-catalunya-sabadell\/wp-json\/wp\/v2\/tags?post=4628"}],"curies":[{"name":"wp","href":"https:\/\/api.w.org\/{rel}","templated":true}]}}