{"id":4621,"date":"2022-06-10T13:34:09","date_gmt":"2022-06-10T11:34:09","guid":{"rendered":"https:\/\/agora.xtec.cat\/ceip-catalunya-sabadell\/?p=4621"},"modified":"2022-06-14T13:06:11","modified_gmt":"2022-06-14T11:06:11","slug":"canco-40e-aniversari-making-of","status":"publish","type":"post","link":"https:\/\/agora.xtec.cat\/ceip-catalunya-sabadell\/portada\/canco-40e-aniversari-making-of\/","title":{"rendered":"CAN\u00c7\u00d3 40\u00e8 aniversari &#8211; MAKING OF"},"content":{"rendered":"<p class=\"CDt4Ke zfr3Q\" dir=\"ltr\">A la celebraci\u00f3 del nostre aniversari, no hi podia faltar la m\u00fasica! Gr\u00e0cies a en Toni Ten, m\u00fasic, productor i pare de l&#8217;escola de fa uns anys, hem pogut enregistrar una can\u00e7\u00f3 que de ben segur, esdevindr\u00e0 un himne per a tots\/es nosaltres. La can\u00e7\u00f3 recull les idees i projectes que ens identifiquen com a escola i que van sorgir del claustre de mestres a trav\u00e9s d&#8217;un proc\u00e9s participatiu.<\/p>\n<p dir=\"ltr\">De moment, tots els nens i nenes ja l&#8217;estan aprenent a cantar a l&#8217;aula i el dia de la festa, farem la presentaci\u00f3 oficial d&#8217;aquest gran hit!!!<\/p>\n<p class=\"CDt4Ke zfr3Q\" dir=\"ltr\">Us deixem un v\u00eddeo del dia de la gravaci\u00f3 al seu estudi:<\/p>\n<p dir=\"ltr\"><iframe loading=\"lazy\" src=\"\/\/www.youtube.com\/embed\/eyNPZJFiFx8\" width=\"560\" height=\"314\" allowfullscreen=\"allowfullscreen\"><\/iframe><\/p>\n<p dir=\"ltr\">Si voleu escoltar la can\u00e7\u00f3, cliqueu la <a href=\"https:\/\/drive.google.com\/file\/d\/1FgTHq7cOV9nOxDW4JrvXkgk25P29xabo\/view?usp=sharing\">AQU\u00cd<\/a><\/p>\n<p dir=\"ltr\">CAN\u00c7\u00d3 40\u00e8 aniversari ESCOLA CATALUNYA<\/p>\n<pre dir=\"ltr\">M\u00fasica i lletra: Toni Ten\r\n\r\n\r\n<\/pre>\n<p><span style=\"font-weight: 400;\">SER PIONERS A UN ESPAI M\u00c0GIC\u00a0\u00a0\u00a0\u00a0\u00a0\u00a0\u00a0\u00a0\u00a0\u00a0\u00a0\u00a0\u00a0\u00a0\u00a0\u00a0\u00a0\u00a0\u00a0\u00a0\u00a0\u00a0\u00a0\u00a0\u00a0\u00a0\u00a0\u00a0\u00a0\u00a0\u00a0\u00a0\u00a0\u00a0\u00a0\u00a0\u00a0\u00a0\u00a0\u00a0\u00a0\u00a0\u00a0\u00a0\u00a0\u00a0\u00a0\u00a0\u00a0\u00a0\u00a0\u00a0\u00a0\u00a0\u00a0\u00a0\u00a0\u00a0\u00a0\u00a0\u00a0\u00a0\u00a0\u00a0\u00a0\u00a0\u00a0\u00a0\u00a0\u00a0\u00a0\u00a0\u00a0\u00a0<\/span><\/p>\n<p><span style=\"font-weight: 400;\">VA N\u00c9IXER UN PROJECTE COM SI FOS UN SOMNI<\/span><\/p>\n<p><span style=\"font-weight: 400;\">TEATRE, DANSA I MOLTA M\u00daSICA\u00a0\u00a0\u00a0\u00a0\u00a0\u00a0\u00a0\u00a0\u00a0\u00a0\u00a0\u00a0\u00a0\u00a0\u00a0\u00a0\u00a0\u00a0\u00a0\u00a0\u00a0\u00a0\u00a0\u00a0\u00a0\u00a0\u00a0\u00a0\u00a0\u00a0\u00a0\u00a0\u00a0\u00a0\u00a0\u00a0\u00a0\u00a0\u00a0\u00a0\u00a0\u00a0\u00a0\u00a0\u00a0\u00a0\u00a0\u00a0\u00a0\u00a0\u00a0\u00a0\u00a0\u00a0\u00a0\u00a0\u00a0<\/span><\/p>\n<p><span style=\"font-weight: 400;\">HEM &#8216;NAT CREIXENT FENT-NOS SENTIR MILLORS PERSONES.<\/span><\/p>\n<p><span style=\"font-weight: 400;\">MAI HEM PERDUT LA IL.LUSI\u00d3\u00a0\u00a0\u00a0\u00a0\u00a0\u00a0\u00a0\u00a0\u00a0\u00a0\u00a0\u00a0\u00a0\u00a0\u00a0\u00a0\u00a0\u00a0\u00a0\u00a0\u00a0\u00a0\u00a0\u00a0\u00a0\u00a0\u00a0\u00a0\u00a0\u00a0\u00a0\u00a0\u00a0\u00a0\u00a0\u00a0\u00a0\u00a0\u00a0\u00a0\u00a0\u00a0\u00a0\u00a0\u00a0\u00a0\u00a0\u00a0\u00a0\u00a0\u00a0\u00a0\u00a0\u00a0\u00a0\u00a0\u00a0\u00a0\u00a0\u00a0\u00a0\u00a0<\/span><\/p>\n<p><span style=\"font-weight: 400;\">DE FER EL M\u00d3N UNA MICA MILLOR.<\/span><\/p>\n<p><b>CATALUNYA \u00c9S L\u2019ESCOLA I AVUI HO VOLEM CELEBRAR,<\/b><\/p>\n<p><b>S\u00d3N 40 ANYS D\u2019HIST\u00d2RIA , UN SOMRIURE PER NO OBLIDAR,\u00a0\u00a0\u00a0\u00a0\u00a0\u00a0\u00a0\u00a0\u00a0\u00a0\u00a0\u00a0\u00a0\u00a0\u00a0\u00a0\u00a0\u00a0<\/b><\/p>\n<p><b>CONVIVINT ENTRE CLAUSTRES, FAM\u00cdLIES, ALUMNES I AMICS,\u00a0<\/b><\/p>\n<p><b>HAN PASSAT DIES I DIES I TOT HA SEMBLAT M\u00c9S SENZILL.<\/b><\/p>\n<p><span style=\"font-weight: 400;\">EL COMPROM\u00cdS, AMB LA CULTURA,\u00a0\u00a0\u00a0\u00a0\u00a0\u00a0\u00a0\u00a0\u00a0\u00a0\u00a0\u00a0\u00a0\u00a0\u00a0\u00a0\u00a0\u00a0\u00a0\u00a0\u00a0\u00a0\u00a0\u00a0\u00a0\u00a0\u00a0\u00a0\u00a0\u00a0\u00a0\u00a0\u00a0\u00a0\u00a0\u00a0\u00a0\u00a0\u00a0\u00a0\u00a0\u00a0\u00a0\u00a0\u00a0\u00a0\u00a0\u00a0\u00a0\u00a0\u00a0\u00a0<\/span><\/p>\n<p><span style=\"font-weight: 400;\">LA HIST\u00d2RIA, I LES LLENG\u00dcES\u00a0 I EL M\u00d3N DIGITAL.<\/span><\/p>\n<p><span style=\"font-weight: 400;\">VIVIM LES FESTES , SANTA CEC\u00cdLIA,\u00a0\u00a0\u00a0\u00a0\u00a0\u00a0\u00a0\u00a0\u00a0\u00a0\u00a0\u00a0\u00a0\u00a0\u00a0\u00a0\u00a0\u00a0\u00a0\u00a0\u00a0\u00a0\u00a0\u00a0\u00a0\u00a0\u00a0\u00a0\u00a0\u00a0\u00a0\u00a0\u00a0\u00a0\u00a0\u00a0\u00a0\u00a0\u00a0\u00a0\u00a0\u00a0\u00a0\u00a0\u00a0\u00a0\u00a0\u00a0\u00a0\u00a0\u00a0<\/span><\/p>\n<p><span style=\"font-weight: 400;\">JORNADES ESPORTIVES &#8230; I EL CARNAVAL.<\/span><\/p>\n<p><span style=\"font-weight: 400;\">SI TOTS CANTEM LA CAN\u00c7\u00d3,\u00a0\u00a0\u00a0\u00a0\u00a0\u00a0\u00a0\u00a0\u00a0\u00a0\u00a0\u00a0\u00a0\u00a0\u00a0\u00a0\u00a0\u00a0\u00a0\u00a0\u00a0\u00a0\u00a0\u00a0\u00a0\u00a0\u00a0\u00a0\u00a0\u00a0\u00a0\u00a0\u00a0\u00a0\u00a0\u00a0\u00a0\u00a0\u00a0\u00a0\u00a0\u00a0\u00a0\u00a0\u00a0\u00a0\u00a0\u00a0\u00a0\u00a0\u00a0\u00a0\u00a0\u00a0\u00a0\u00a0\u00a0\u00a0\u00a0\u00a0\u00a0\u00a0\u00a0<\/span><\/p>\n<p><span style=\"font-weight: 400;\">SENTIREM BATEGAR UN SOL COR.<\/span><\/p>\n<p><b>CATALUNYA \u00c9S L\u2019ESCOLA I AVUI HO VOLEM CELEBRAR,<\/b><\/p>\n<p><b>S\u00d3N 40 ANYS D\u2019HIST\u00d2RIA, UN SOMRIURE PER NO OBLIDAR,\u00a0\u00a0\u00a0\u00a0\u00a0\u00a0\u00a0\u00a0\u00a0\u00a0\u00a0\u00a0\u00a0\u00a0\u00a0\u00a0\u00a0\u00a0\u00a0\u00a0\u00a0\u00a0\u00a0<\/b><\/p>\n<p><b>CONVIVINT ENTRE CLAUSTRES, FAM\u00cdLIES, ALUMNES I AMICS,\u00a0<\/b><\/p>\n<p><b>HAN PASSAT DIES I DIES I TOT HA SEMBLAT M\u00c9S SENZILL.<\/b><\/p>\n<p><b>CATALUNYA \u00c9S L\u2019ESCOLA I AVUI HO VOLEM CELEBRAR,<\/b><\/p>\n<p><b>S\u00d3N 40 ANYS D\u2019HIST\u00d2RIA , UN SOMRIURE PER NO OBLIDAR,\u00a0\u00a0\u00a0\u00a0\u00a0\u00a0\u00a0\u00a0\u00a0\u00a0\u00a0\u00a0\u00a0\u00a0\u00a0\u00a0\u00a0<\/b><\/p>\n<p><b>CONVIVINT ENTRE CLAUSTRES, FAM\u00cdLIES, ALUMNES I AMICS,\u00a0<\/b><\/p>\n<p><b>HAN PASSAT DIES I DIES I TOT HA SEMBLAT M\u00c9S SENZILL.<\/b><\/p>\n<p>&nbsp;<\/p>\n<p><span style=\"font-weight: 400;\">CONVIVINT ENTRE CLAUSTRES, FAM\u00cdLIES, ALUMNES I AMICS,\u00a0\u00a0\u00a0\u00a0\u00a0\u00a0\u00a0\u00a0\u00a0\u00a0\u00a0<\/span><\/p>\n<p><span style=\"font-weight: 400;\">HAN PASSAT DIES I DIES I TOT HA SEMBLAT M\u00c9S SENZILL\u00a0\u00a0\u00a0\u00a0\u00a0\u00a0\u00a0\u00a0\u00a0\u00a0\u00a0\u00a0\u00a0\u00a0\u00a0\u00a0\u00a0\u00a0\u00a0\u00a0\u00a0\u00a0\u00a0\u00a0<\/span><\/p>\n<p dir=\"ltr\">\n","protected":false},"excerpt":{"rendered":"<p>A la celebraci\u00f3 del nostre aniversari, no hi podia faltar la m\u00fasica! Gr\u00e0cies a en Toni Ten, m\u00fasic, productor i pare de l&#8217;escola de fa uns anys, hem pogut enregistrar una can\u00e7\u00f3 que de ben segur, esdevindr\u00e0 un himne per a tots\/es nosaltres. La can\u00e7\u00f3&hellip;  <a href=\"https:\/\/agora.xtec.cat\/ceip-catalunya-sabadell\/portada\/canco-40e-aniversari-making-of\/\" title=\"Read CAN\u00c7\u00d3 40\u00e8 aniversari &#8211; MAKING OF\">Llegeix m\u00e9s\u00bb<\/a><\/p>\n","protected":false},"author":3,"featured_media":4622,"comment_status":"open","ping_status":"closed","sticky":false,"template":"","format":"standard","meta":{"_bbp_topic_count":0,"_bbp_reply_count":0,"_bbp_total_topic_count":0,"_bbp_total_reply_count":0,"_bbp_voice_count":0,"_bbp_anonymous_reply_count":0,"_bbp_topic_count_hidden":0,"_bbp_reply_count_hidden":0,"_bbp_forum_subforum_count":0,"footnotes":""},"categories":[133,4],"tags":[],"class_list":["post-4621","post","type-post","status-publish","format-standard","has-post-thumbnail","hentry","category-40e-aniversari","category-portada"],"post_mailing_queue_ids":[],"_links":{"self":[{"href":"https:\/\/agora.xtec.cat\/ceip-catalunya-sabadell\/wp-json\/wp\/v2\/posts\/4621","targetHints":{"allow":["GET"]}}],"collection":[{"href":"https:\/\/agora.xtec.cat\/ceip-catalunya-sabadell\/wp-json\/wp\/v2\/posts"}],"about":[{"href":"https:\/\/agora.xtec.cat\/ceip-catalunya-sabadell\/wp-json\/wp\/v2\/types\/post"}],"author":[{"embeddable":true,"href":"https:\/\/agora.xtec.cat\/ceip-catalunya-sabadell\/wp-json\/wp\/v2\/users\/3"}],"replies":[{"embeddable":true,"href":"https:\/\/agora.xtec.cat\/ceip-catalunya-sabadell\/wp-json\/wp\/v2\/comments?post=4621"}],"version-history":[{"count":2,"href":"https:\/\/agora.xtec.cat\/ceip-catalunya-sabadell\/wp-json\/wp\/v2\/posts\/4621\/revisions"}],"predecessor-version":[{"id":4633,"href":"https:\/\/agora.xtec.cat\/ceip-catalunya-sabadell\/wp-json\/wp\/v2\/posts\/4621\/revisions\/4633"}],"wp:featuredmedia":[{"embeddable":true,"href":"https:\/\/agora.xtec.cat\/ceip-catalunya-sabadell\/wp-json\/wp\/v2\/media\/4622"}],"wp:attachment":[{"href":"https:\/\/agora.xtec.cat\/ceip-catalunya-sabadell\/wp-json\/wp\/v2\/media?parent=4621"}],"wp:term":[{"taxonomy":"category","embeddable":true,"href":"https:\/\/agora.xtec.cat\/ceip-catalunya-sabadell\/wp-json\/wp\/v2\/categories?post=4621"},{"taxonomy":"post_tag","embeddable":true,"href":"https:\/\/agora.xtec.cat\/ceip-catalunya-sabadell\/wp-json\/wp\/v2\/tags?post=4621"}],"curies":[{"name":"wp","href":"https:\/\/api.w.org\/{rel}","templated":true}]}}