{"id":4583,"date":"2022-05-27T11:21:54","date_gmt":"2022-05-27T09:21:54","guid":{"rendered":"https:\/\/agora.xtec.cat\/ceip-catalunya-sabadell\/?p=4583"},"modified":"2022-05-27T11:24:54","modified_gmt":"2022-05-27T09:24:54","slug":"el-petit-princep-2022","status":"publish","type":"post","link":"https:\/\/agora.xtec.cat\/ceip-catalunya-sabadell\/general\/el-petit-princep-2022\/","title":{"rendered":"EL PETIT PR\u00cdNCEP 2022"},"content":{"rendered":"<p>Un cop m\u00e9s, &#8220;El Petit Pr\u00edncep&#8221; i tots els seus amics han pujat dalt l&#8217;escenari del Centre C\u00edvic de CAN RULL per fer-nos gaudir plegats d&#8217;una bona estona. Els nens i nenes de 5\u00e8 han fet un gran treball en equip, memoritzant els di\u00e0legs, aprenent les can\u00e7ons i els balls i descobrint els missatges i els valors que el Petit Pr\u00edncep va aprenent al llarg del seu viatge per l&#8217;univers.<\/p>\n<p>Us deixem amb l&#8217;obra complerta&#8230; Esperem que la gaudiu molt!<\/p>\n<p><iframe loading=\"lazy\" title=\"YouTube video player\" src=\"https:\/\/www.youtube.com\/embed\/videoseries?list=PL0bd4iURvw-q0ucGbauVSo259nPofaqv7\" width=\"560\" height=\"315\" frameborder=\"0\" allowfullscreen=\"allowfullscreen\"><\/iframe><\/p>\n<p>Enlla\u00e7 a les fotografies: <a href=\"https:\/\/drive.google.com\/drive\/folders\/1-9JcnXoOhEqvfhUm3egFUAhtkSuWEoLq?usp=sharing\">IMATGES<\/a><\/p>\n<p>Aquesta obra forma part de la MOSTRA DE TEATRE 2022 que organitza l&#8217;Ajuntament de Sabadell i s&#8217;ha fet amb el seu suport i col\u00b7laboraci\u00f3.<\/p>\n<p><img loading=\"lazy\" decoding=\"async\" class=\"alignnone size-full wp-image-4585\" src=\"https:\/\/agora.xtec.cat\/ceip-catalunya-sabadell\/wp-content\/uploads\/usu823\/2022\/05\/Ajuntament-color-plegat.jpg\" alt=\"\" width=\"245\" height=\"87\" \/><\/p>\n<p><img loading=\"lazy\" decoding=\"async\" class=\"alignnone wp-image-4586 size-large\" src=\"https:\/\/agora.xtec.cat\/ceip-catalunya-sabadell\/wp-content\/uploads\/usu823\/2022\/05\/Cartell-Petit-Princep-724x1024.jpg\" alt=\"\" width=\"724\" height=\"1024\" srcset=\"https:\/\/agora.xtec.cat\/ceip-catalunya-sabadell\/wp-content\/uploads\/usu823\/2022\/05\/Cartell-Petit-Princep-724x1024.jpg 724w, https:\/\/agora.xtec.cat\/ceip-catalunya-sabadell\/wp-content\/uploads\/usu823\/2022\/05\/Cartell-Petit-Princep-212x300.jpg 212w, https:\/\/agora.xtec.cat\/ceip-catalunya-sabadell\/wp-content\/uploads\/usu823\/2022\/05\/Cartell-Petit-Princep-768x1086.jpg 768w, https:\/\/agora.xtec.cat\/ceip-catalunya-sabadell\/wp-content\/uploads\/usu823\/2022\/05\/Cartell-Petit-Princep-1086x1536.jpg 1086w, https:\/\/agora.xtec.cat\/ceip-catalunya-sabadell\/wp-content\/uploads\/usu823\/2022\/05\/Cartell-Petit-Princep.jpg 1414w\" sizes=\"auto, (max-width: 724px) 100vw, 724px\" \/><\/p>\n","protected":false},"excerpt":{"rendered":"<p>Un cop m\u00e9s, &#8220;El Petit Pr\u00edncep&#8221; i tots els seus amics han pujat dalt l&#8217;escenari del Centre C\u00edvic de CAN RULL per fer-nos gaudir plegats d&#8217;una bona estona. Els nens i nenes de 5\u00e8 han fet un gran treball en equip, memoritzant els di\u00e0legs, aprenent&hellip;  <a href=\"https:\/\/agora.xtec.cat\/ceip-catalunya-sabadell\/general\/el-petit-princep-2022\/\" title=\"Read EL PETIT PR\u00cdNCEP 2022\">Llegeix m\u00e9s\u00bb<\/a><\/p>\n","protected":false},"author":3,"featured_media":4586,"comment_status":"open","ping_status":"closed","sticky":false,"template":"","format":"standard","meta":{"_bbp_topic_count":0,"_bbp_reply_count":0,"_bbp_total_topic_count":0,"_bbp_total_reply_count":0,"_bbp_voice_count":0,"_bbp_anonymous_reply_count":0,"_bbp_topic_count_hidden":0,"_bbp_reply_count_hidden":0,"_bbp_forum_subforum_count":0,"footnotes":""},"categories":[14,1,4,37],"tags":[],"class_list":["post-4583","post","type-post","status-publish","format-standard","has-post-thumbnail","hentry","category-5e","category-general","category-portada","category-teatre"],"post_mailing_queue_ids":[],"_links":{"self":[{"href":"https:\/\/agora.xtec.cat\/ceip-catalunya-sabadell\/wp-json\/wp\/v2\/posts\/4583","targetHints":{"allow":["GET"]}}],"collection":[{"href":"https:\/\/agora.xtec.cat\/ceip-catalunya-sabadell\/wp-json\/wp\/v2\/posts"}],"about":[{"href":"https:\/\/agora.xtec.cat\/ceip-catalunya-sabadell\/wp-json\/wp\/v2\/types\/post"}],"author":[{"embeddable":true,"href":"https:\/\/agora.xtec.cat\/ceip-catalunya-sabadell\/wp-json\/wp\/v2\/users\/3"}],"replies":[{"embeddable":true,"href":"https:\/\/agora.xtec.cat\/ceip-catalunya-sabadell\/wp-json\/wp\/v2\/comments?post=4583"}],"version-history":[{"count":3,"href":"https:\/\/agora.xtec.cat\/ceip-catalunya-sabadell\/wp-json\/wp\/v2\/posts\/4583\/revisions"}],"predecessor-version":[{"id":4588,"href":"https:\/\/agora.xtec.cat\/ceip-catalunya-sabadell\/wp-json\/wp\/v2\/posts\/4583\/revisions\/4588"}],"wp:featuredmedia":[{"embeddable":true,"href":"https:\/\/agora.xtec.cat\/ceip-catalunya-sabadell\/wp-json\/wp\/v2\/media\/4586"}],"wp:attachment":[{"href":"https:\/\/agora.xtec.cat\/ceip-catalunya-sabadell\/wp-json\/wp\/v2\/media?parent=4583"}],"wp:term":[{"taxonomy":"category","embeddable":true,"href":"https:\/\/agora.xtec.cat\/ceip-catalunya-sabadell\/wp-json\/wp\/v2\/categories?post=4583"},{"taxonomy":"post_tag","embeddable":true,"href":"https:\/\/agora.xtec.cat\/ceip-catalunya-sabadell\/wp-json\/wp\/v2\/tags?post=4583"}],"curies":[{"name":"wp","href":"https:\/\/api.w.org\/{rel}","templated":true}]}}