{"id":4581,"date":"2022-05-24T12:57:00","date_gmt":"2022-05-24T10:57:00","guid":{"rendered":"https:\/\/agora.xtec.cat\/ceip-catalunya-sabadell\/?p=4581"},"modified":"2022-05-24T12:57:00","modified_gmt":"2022-05-24T10:57:00","slug":"cim-daligues-3r-2","status":"publish","type":"post","link":"https:\/\/agora.xtec.cat\/ceip-catalunya-sabadell\/general\/cim-daligues-3r-2\/","title":{"rendered":"Cim d&#8217;\u00e0ligues, 3r"},"content":{"rendered":"<p>Per acabar el tema dels animals, la setmana passada els grups de 3r vam anar a visitar el centre del &#8220;Cim d&#8217;\u00e0ligues&#8221; a Sant Feliu de Codines.<\/p>\n<p>Va ser un dia molt calor\u00f3s, per\u00f2 tota la visita ens va encantar. Vam con\u00e8ixer tot tipus d&#8217;aus rapinyaires, tant carronyeres com ca\u00e7adores. I la sessi\u00f3 de vol va ser espectacular!<\/p>\n<p>Aqu\u00ed us deixem un <a href=\"https:\/\/drive.google.com\/drive\/folders\/1aR3mfGw4xB3VrYZmcRjzJ7JlZyNBV_Nt?usp=sharing\">recull de fotografies.<\/a><\/p>\n","protected":false},"excerpt":{"rendered":"<p>Per acabar el tema dels animals, la setmana passada els grups de 3r vam anar a visitar el centre del &#8220;Cim d&#8217;\u00e0ligues&#8221; a Sant Feliu de Codines.<br \/>\nVa ser un dia molt calor\u00f3s, per\u00f2 tota la visita ens va encantar. Vam con\u00e8ixer tot tipus d&#8217;aus rapinyaires,&hellip;  <a href=\"https:\/\/agora.xtec.cat\/ceip-catalunya-sabadell\/general\/cim-daligues-3r-2\/\" title=\"Read Cim d&#8217;\u00e0ligues, 3r\">Llegeix m\u00e9s\u00bb<\/a><\/p>\n","protected":false},"author":60,"featured_media":0,"comment_status":"open","ping_status":"closed","sticky":false,"template":"","format":"standard","meta":{"_bbp_topic_count":0,"_bbp_reply_count":0,"_bbp_total_topic_count":0,"_bbp_total_reply_count":0,"_bbp_voice_count":0,"_bbp_anonymous_reply_count":0,"_bbp_topic_count_hidden":0,"_bbp_reply_count_hidden":0,"_bbp_forum_subforum_count":0,"footnotes":""},"categories":[1,4,5],"tags":[],"class_list":["post-4581","post","type-post","status-publish","format-standard","hentry","category-general","category-portada","category-primaria"],"post_mailing_queue_ids":[],"_links":{"self":[{"href":"https:\/\/agora.xtec.cat\/ceip-catalunya-sabadell\/wp-json\/wp\/v2\/posts\/4581","targetHints":{"allow":["GET"]}}],"collection":[{"href":"https:\/\/agora.xtec.cat\/ceip-catalunya-sabadell\/wp-json\/wp\/v2\/posts"}],"about":[{"href":"https:\/\/agora.xtec.cat\/ceip-catalunya-sabadell\/wp-json\/wp\/v2\/types\/post"}],"author":[{"embeddable":true,"href":"https:\/\/agora.xtec.cat\/ceip-catalunya-sabadell\/wp-json\/wp\/v2\/users\/60"}],"replies":[{"embeddable":true,"href":"https:\/\/agora.xtec.cat\/ceip-catalunya-sabadell\/wp-json\/wp\/v2\/comments?post=4581"}],"version-history":[{"count":1,"href":"https:\/\/agora.xtec.cat\/ceip-catalunya-sabadell\/wp-json\/wp\/v2\/posts\/4581\/revisions"}],"predecessor-version":[{"id":4582,"href":"https:\/\/agora.xtec.cat\/ceip-catalunya-sabadell\/wp-json\/wp\/v2\/posts\/4581\/revisions\/4582"}],"wp:attachment":[{"href":"https:\/\/agora.xtec.cat\/ceip-catalunya-sabadell\/wp-json\/wp\/v2\/media?parent=4581"}],"wp:term":[{"taxonomy":"category","embeddable":true,"href":"https:\/\/agora.xtec.cat\/ceip-catalunya-sabadell\/wp-json\/wp\/v2\/categories?post=4581"},{"taxonomy":"post_tag","embeddable":true,"href":"https:\/\/agora.xtec.cat\/ceip-catalunya-sabadell\/wp-json\/wp\/v2\/tags?post=4581"}],"curies":[{"name":"wp","href":"https:\/\/api.w.org\/{rel}","templated":true}]}}