{"id":4577,"date":"2022-05-17T15:48:33","date_gmt":"2022-05-17T13:48:33","guid":{"rendered":"https:\/\/agora.xtec.cat\/ceip-catalunya-sabadell\/?p=4577"},"modified":"2022-05-17T15:51:46","modified_gmt":"2022-05-17T13:51:46","slug":"el-petit-princep-2","status":"publish","type":"post","link":"https:\/\/agora.xtec.cat\/ceip-catalunya-sabadell\/portada\/el-petit-princep-2\/","title":{"rendered":"EL PETIT PR\u00cdNCEP"},"content":{"rendered":"<p>Ep!!!! Ja falta molt poc per l&#8217;estrena d&#8217; &#8220;El Petit Pr\u00edncep&#8221; i els nens i nenes de 5\u00e8 ja ho tenen tot a punt per a fer-nos gaudir amb aquesta bonica hist\u00f2ria!!!<\/p>\n<p>Mireu, mireu&#8230;<\/p>\n<p><iframe loading=\"lazy\" src=\"\/\/www.youtube.com\/embed\/mLO17ITmR-A\" width=\"560\" height=\"314\" allowfullscreen=\"allowfullscreen\"><\/iframe><\/p>\n","protected":false},"excerpt":{"rendered":"<p>Ep!!!! Ja falta molt poc per l&#8217;estrena d&#8217; &#8220;El Petit Pr\u00edncep&#8221; i els nens i nenes de 5\u00e8 ja ho tenen tot a punt per a fer-nos gaudir amb aquesta bonica hist\u00f2ria!!!<br \/>\nMireu, mireu&#8230;<\/p>\n","protected":false},"author":3,"featured_media":4578,"comment_status":"open","ping_status":"closed","sticky":false,"template":"","format":"standard","meta":{"_bbp_topic_count":0,"_bbp_reply_count":0,"_bbp_total_topic_count":0,"_bbp_total_reply_count":0,"_bbp_voice_count":0,"_bbp_anonymous_reply_count":0,"_bbp_topic_count_hidden":0,"_bbp_reply_count_hidden":0,"_bbp_forum_subforum_count":0,"footnotes":""},"categories":[14,4,37],"tags":[],"class_list":["post-4577","post","type-post","status-publish","format-standard","has-post-thumbnail","hentry","category-5e","category-portada","category-teatre"],"post_mailing_queue_ids":[],"_links":{"self":[{"href":"https:\/\/agora.xtec.cat\/ceip-catalunya-sabadell\/wp-json\/wp\/v2\/posts\/4577","targetHints":{"allow":["GET"]}}],"collection":[{"href":"https:\/\/agora.xtec.cat\/ceip-catalunya-sabadell\/wp-json\/wp\/v2\/posts"}],"about":[{"href":"https:\/\/agora.xtec.cat\/ceip-catalunya-sabadell\/wp-json\/wp\/v2\/types\/post"}],"author":[{"embeddable":true,"href":"https:\/\/agora.xtec.cat\/ceip-catalunya-sabadell\/wp-json\/wp\/v2\/users\/3"}],"replies":[{"embeddable":true,"href":"https:\/\/agora.xtec.cat\/ceip-catalunya-sabadell\/wp-json\/wp\/v2\/comments?post=4577"}],"version-history":[{"count":2,"href":"https:\/\/agora.xtec.cat\/ceip-catalunya-sabadell\/wp-json\/wp\/v2\/posts\/4577\/revisions"}],"predecessor-version":[{"id":4580,"href":"https:\/\/agora.xtec.cat\/ceip-catalunya-sabadell\/wp-json\/wp\/v2\/posts\/4577\/revisions\/4580"}],"wp:featuredmedia":[{"embeddable":true,"href":"https:\/\/agora.xtec.cat\/ceip-catalunya-sabadell\/wp-json\/wp\/v2\/media\/4578"}],"wp:attachment":[{"href":"https:\/\/agora.xtec.cat\/ceip-catalunya-sabadell\/wp-json\/wp\/v2\/media?parent=4577"}],"wp:term":[{"taxonomy":"category","embeddable":true,"href":"https:\/\/agora.xtec.cat\/ceip-catalunya-sabadell\/wp-json\/wp\/v2\/categories?post=4577"},{"taxonomy":"post_tag","embeddable":true,"href":"https:\/\/agora.xtec.cat\/ceip-catalunya-sabadell\/wp-json\/wp\/v2\/tags?post=4577"}],"curies":[{"name":"wp","href":"https:\/\/api.w.org\/{rel}","templated":true}]}}