{"id":4562,"date":"2022-05-03T16:47:43","date_gmt":"2022-05-03T14:47:43","guid":{"rendered":"https:\/\/agora.xtec.cat\/ceip-catalunya-sabadell\/?p=4562"},"modified":"2022-05-03T16:47:43","modified_gmt":"2022-05-03T14:47:43","slug":"sabadell-corre-pels-nens-i-les-nenes","status":"publish","type":"post","link":"https:\/\/agora.xtec.cat\/ceip-catalunya-sabadell\/general\/sabadell-corre-pels-nens-i-les-nenes\/","title":{"rendered":"Sabadell corre pels nens i les nenes"},"content":{"rendered":"<p>Gran not\u00edcia!<\/p>\n<p>Aquest any torna la cursa de Sabadell corre pels nens i les nenes, despr\u00e9s de dos anys sense poder fer-la. Enguany, tots els beneficis recaptats seran per a la unitat de cures pal\u00b7liatives pedi\u00e0triques de l&#8217;Hospital Taul\u00ed.<\/p>\n<p>Aqu\u00ed teniu el link per inscriure-us:<\/p>\n<p><a href=\"https:\/\/www.rockthesport.com\/es\/evento\/v-sabadell-corre-pels-nens2022\">\u00a0 \u00a0 https:\/\/www.rockthesport.com\/es\/evento\/v-sabadell-corre-pels-nens2022<\/a><\/p>\n<p>Qui vulgui, el dia de la cursa (29 de maig) podem fer una bona colla i trobar-nos tots i totes a la Torre de l&#8217;aigua, a les 9:3oh del mat\u00ed, fer-nos una s\u00faper foto i anar junts i juntes cap a la sortida. Passarem un bon mat\u00ed!!!<\/p>\n<p>&nbsp;<\/p>\n<p><a href=\"https:\/\/agora.xtec.cat\/ceip-catalunya-sabadell\/wp-content\/uploads\/usu823\/2022\/05\/cartel-cursa-A3-3_page-0001.jpg\"><img loading=\"lazy\" decoding=\"async\" class=\"aligncenter wp-image-4564 size-large\" src=\"https:\/\/agora.xtec.cat\/ceip-catalunya-sabadell\/wp-content\/uploads\/usu823\/2022\/05\/cartel-cursa-A3-3_page-0001-725x1024.jpg\" alt=\"\" width=\"725\" height=\"1024\" srcset=\"https:\/\/agora.xtec.cat\/ceip-catalunya-sabadell\/wp-content\/uploads\/usu823\/2022\/05\/cartel-cursa-A3-3_page-0001-725x1024.jpg 725w, https:\/\/agora.xtec.cat\/ceip-catalunya-sabadell\/wp-content\/uploads\/usu823\/2022\/05\/cartel-cursa-A3-3_page-0001-212x300.jpg 212w, https:\/\/agora.xtec.cat\/ceip-catalunya-sabadell\/wp-content\/uploads\/usu823\/2022\/05\/cartel-cursa-A3-3_page-0001-768x1085.jpg 768w, https:\/\/agora.xtec.cat\/ceip-catalunya-sabadell\/wp-content\/uploads\/usu823\/2022\/05\/cartel-cursa-A3-3_page-0001-1087x1536.jpg 1087w, https:\/\/agora.xtec.cat\/ceip-catalunya-sabadell\/wp-content\/uploads\/usu823\/2022\/05\/cartel-cursa-A3-3_page-0001-1449x2048.jpg 1449w, https:\/\/agora.xtec.cat\/ceip-catalunya-sabadell\/wp-content\/uploads\/usu823\/2022\/05\/cartel-cursa-A3-3_page-0001.jpg 1755w\" sizes=\"auto, (max-width: 725px) 100vw, 725px\" \/><\/a><\/p>\n<p>&nbsp;<\/p>\n","protected":false},"excerpt":{"rendered":"<p>Gran not\u00edcia!<br \/>\nAquest any torna la cursa de Sabadell corre pels nens i les nenes, despr\u00e9s de dos anys sense poder fer-la. Enguany, tots els beneficis recaptats seran per a la unitat de cures pal\u00b7liatives pedi\u00e0triques de l&#8217;Hospital Taul\u00ed.<br \/>\nAqu\u00ed teniu el link per inscriure-us:<br \/>\n<a href=\"https:\/\/www.rockthesport.com\/es\/evento\/v-sabadell-corre-pels-nens2022\">\u00a0 \u00a0&hellip;  <a href=\"https:\/\/agora.xtec.cat\/ceip-catalunya-sabadell\/general\/sabadell-corre-pels-nens-i-les-nenes\/\" title=\"Read Sabadell corre pels nens i les nenes\">Llegeix m\u00e9s\u00bb<\/a><\/p>\n","protected":false},"author":22,"featured_media":4564,"comment_status":"open","ping_status":"closed","sticky":false,"template":"","format":"standard","meta":{"_bbp_topic_count":0,"_bbp_reply_count":0,"_bbp_total_topic_count":0,"_bbp_total_reply_count":0,"_bbp_voice_count":0,"_bbp_anonymous_reply_count":0,"_bbp_topic_count_hidden":0,"_bbp_reply_count_hidden":0,"_bbp_forum_subforum_count":0,"footnotes":""},"categories":[120,42,38,1,4],"tags":[],"class_list":["post-4562","post","type-post","status-publish","format-standard","has-post-thumbnail","hentry","category-educacio-corporal","category-educacio-emocional","category-sostenible","category-general","category-portada"],"post_mailing_queue_ids":[],"_links":{"self":[{"href":"https:\/\/agora.xtec.cat\/ceip-catalunya-sabadell\/wp-json\/wp\/v2\/posts\/4562","targetHints":{"allow":["GET"]}}],"collection":[{"href":"https:\/\/agora.xtec.cat\/ceip-catalunya-sabadell\/wp-json\/wp\/v2\/posts"}],"about":[{"href":"https:\/\/agora.xtec.cat\/ceip-catalunya-sabadell\/wp-json\/wp\/v2\/types\/post"}],"author":[{"embeddable":true,"href":"https:\/\/agora.xtec.cat\/ceip-catalunya-sabadell\/wp-json\/wp\/v2\/users\/22"}],"replies":[{"embeddable":true,"href":"https:\/\/agora.xtec.cat\/ceip-catalunya-sabadell\/wp-json\/wp\/v2\/comments?post=4562"}],"version-history":[{"count":2,"href":"https:\/\/agora.xtec.cat\/ceip-catalunya-sabadell\/wp-json\/wp\/v2\/posts\/4562\/revisions"}],"predecessor-version":[{"id":4566,"href":"https:\/\/agora.xtec.cat\/ceip-catalunya-sabadell\/wp-json\/wp\/v2\/posts\/4562\/revisions\/4566"}],"wp:featuredmedia":[{"embeddable":true,"href":"https:\/\/agora.xtec.cat\/ceip-catalunya-sabadell\/wp-json\/wp\/v2\/media\/4564"}],"wp:attachment":[{"href":"https:\/\/agora.xtec.cat\/ceip-catalunya-sabadell\/wp-json\/wp\/v2\/media?parent=4562"}],"wp:term":[{"taxonomy":"category","embeddable":true,"href":"https:\/\/agora.xtec.cat\/ceip-catalunya-sabadell\/wp-json\/wp\/v2\/categories?post=4562"},{"taxonomy":"post_tag","embeddable":true,"href":"https:\/\/agora.xtec.cat\/ceip-catalunya-sabadell\/wp-json\/wp\/v2\/tags?post=4562"}],"curies":[{"name":"wp","href":"https:\/\/api.w.org\/{rel}","templated":true}]}}