{"id":4536,"date":"2022-04-22T16:47:17","date_gmt":"2022-04-22T14:47:17","guid":{"rendered":"https:\/\/agora.xtec.cat\/ceip-catalunya-sabadell\/?p=4536"},"modified":"2022-04-22T17:42:01","modified_gmt":"2022-04-22T15:42:01","slug":"art-i-poesia","status":"publish","type":"post","link":"https:\/\/agora.xtec.cat\/ceip-catalunya-sabadell\/general\/art-i-poesia\/","title":{"rendered":"Art i poesia"},"content":{"rendered":"<p>Benvolgudes fam\u00edlies,<\/p>\n<p>com ja sabeu, ens trobem dins de la setmana cultural de Sant Jordi, per aquest motiu, a l&#8217;escola, duem a terme moltes activitats relacionades amb la literatura, l\u2019art i la cultura. Dem\u00e0, dissabte 23 d\u2019abril \u00e9s Sant Jordi i per aix\u00f2 divendres hem fet els Jocs florals i la venda de llibres al pati de l&#8217;escola.<\/p>\n<p>A m\u00e9s a m\u00e9s, ens agradaria compartir amb tots vosaltres l&#8217;espectacle de teatre que han preparat els alumnes de 3r anomenat <a href=\"https:\/\/youtube.com\/playlist?list=PLsS785prYdNilaaMWXXeNOt_KeHxv0M4-\">&#8220;Art i poesia!&#8221;<\/a>. Es tracta d\u2019un projecte molt complet i ple d&#8217;emocions on hem fet de tot: poesia, dansa, teatre, can\u00e7\u00f3, textos i moltes coses m\u00e9s&#8230;<\/p>\n<p>Esperem que gaudiu molt, tant com nosaltres ens hem esfor\u00e7at i treballat!<\/p>\n<p>Moltes gr\u00e0cies!<\/p>\n<p>&nbsp;<\/p>\n<ol>\n<li><strong>Presentaci\u00f3<\/strong><\/li>\n<\/ol>\n<p><iframe loading=\"lazy\" src=\"\/\/www.youtube.com\/embed\/EbS-B3BPP38\" width=\"560\" height=\"314\"><\/iframe><\/p>\n<p><strong>2. Poema Joana Raspall<\/strong><\/p>\n<p><iframe loading=\"lazy\" src=\"\/\/www.youtube.com\/embed\/vcaFASIvHMk\" width=\"560\" height=\"314\"><\/iframe><\/p>\n<p><strong>3. Bob Dylan<\/strong><\/p>\n<p><iframe loading=\"lazy\" src=\"\/\/www.youtube.com\/embed\/YrXFnhHYjF4\" width=\"560\" height=\"314\"><\/iframe><\/p>\n<p><strong>4. Haiku<\/strong><\/p>\n<p><iframe loading=\"lazy\" src=\"\/\/www.youtube.com\/embed\/V3aSHBNrVoA\" width=\"560\" height=\"314\"><\/iframe><\/p>\n<p><strong>5. Pirates<\/strong><\/p>\n<p><iframe loading=\"lazy\" src=\"\/\/www.youtube.com\/embed\/JIgt3TZ6KEA\" width=\"560\" height=\"314\"><\/iframe><\/p>\n<p><strong>6. Teatre ombres<\/strong><\/p>\n<p><iframe loading=\"lazy\" src=\"\/\/www.youtube.com\/embed\/6RwlErz3eu8\" width=\"560\" height=\"314\"><\/iframe><\/p>\n<p><strong>7. Queen<\/strong><\/p>\n<p><iframe loading=\"lazy\" src=\"\/\/www.youtube.com\/embed\/Tr96LHqJc7k\" width=\"560\" height=\"314\"><\/iframe><\/p>\n<p>8. Poemes pintats<\/p>\n<p><iframe loading=\"lazy\" src=\"\/\/www.youtube.com\/embed\/GTSCulxD-kw\" width=\"560\" height=\"314\"><\/iframe><\/p>\n<p><iframe loading=\"lazy\" src=\"\/\/www.youtube.com\/embed\/Cwus2bzOwdQ\" width=\"560\" height=\"314\"><\/iframe><\/p>\n<p><strong>9. Michael Jackson<\/strong><\/p>\n<p><iframe loading=\"lazy\" src=\"\/\/www.youtube.com\/embed\/3rJ66vIIfQE\" width=\"560\" height=\"314\"><\/iframe><\/p>\n<p><strong>10. Rosalia<\/strong><\/p>\n<p><iframe loading=\"lazy\" src=\"\/\/www.youtube.com\/embed\/ffq8R4ToO7M\" width=\"560\" height=\"314\" allowfullscreen=\"allowfullscreen\"><\/iframe><\/p>\n<p><iframe loading=\"lazy\" src=\"\/\/www.youtube.com\/embed\/-7SGvEg4Uuk\" width=\"560\" height=\"314\"><\/iframe><\/p>\n<p><strong>11. Amagada primavera (ball conjunt final)<\/strong><\/p>\n<p><iframe loading=\"lazy\" src=\"\/\/www.youtube.com\/embed\/oMaLag6W2fI\" width=\"560\" height=\"314\"><\/iframe><\/p>\n","protected":false},"excerpt":{"rendered":"<p>Benvolgudes fam\u00edlies,<br \/>\ncom ja sabeu, ens trobem dins de la setmana cultural de Sant Jordi, per aquest motiu, a l&#8217;escola, duem a terme moltes activitats relacionades amb la literatura, l\u2019art i la cultura. Dem\u00e0, dissabte 23 d\u2019abril \u00e9s Sant Jordi i per aix\u00f2 divendres hem fet&hellip;  <a href=\"https:\/\/agora.xtec.cat\/ceip-catalunya-sabadell\/general\/art-i-poesia\/\" title=\"Read Art i poesia\">Llegeix m\u00e9s\u00bb<\/a><\/p>\n","protected":false},"author":3,"featured_media":0,"comment_status":"open","ping_status":"closed","sticky":false,"template":"","format":"standard","meta":{"_bbp_topic_count":0,"_bbp_reply_count":0,"_bbp_total_topic_count":0,"_bbp_total_reply_count":0,"_bbp_voice_count":0,"_bbp_anonymous_reply_count":0,"_bbp_topic_count_hidden":0,"_bbp_reply_count_hidden":0,"_bbp_forum_subforum_count":0,"footnotes":""},"categories":[1,4,5,37],"tags":[],"class_list":["post-4536","post","type-post","status-publish","format-standard","hentry","category-general","category-portada","category-primaria","category-teatre"],"post_mailing_queue_ids":[],"_links":{"self":[{"href":"https:\/\/agora.xtec.cat\/ceip-catalunya-sabadell\/wp-json\/wp\/v2\/posts\/4536","targetHints":{"allow":["GET"]}}],"collection":[{"href":"https:\/\/agora.xtec.cat\/ceip-catalunya-sabadell\/wp-json\/wp\/v2\/posts"}],"about":[{"href":"https:\/\/agora.xtec.cat\/ceip-catalunya-sabadell\/wp-json\/wp\/v2\/types\/post"}],"author":[{"embeddable":true,"href":"https:\/\/agora.xtec.cat\/ceip-catalunya-sabadell\/wp-json\/wp\/v2\/users\/3"}],"replies":[{"embeddable":true,"href":"https:\/\/agora.xtec.cat\/ceip-catalunya-sabadell\/wp-json\/wp\/v2\/comments?post=4536"}],"version-history":[{"count":3,"href":"https:\/\/agora.xtec.cat\/ceip-catalunya-sabadell\/wp-json\/wp\/v2\/posts\/4536\/revisions"}],"predecessor-version":[{"id":4541,"href":"https:\/\/agora.xtec.cat\/ceip-catalunya-sabadell\/wp-json\/wp\/v2\/posts\/4536\/revisions\/4541"}],"wp:attachment":[{"href":"https:\/\/agora.xtec.cat\/ceip-catalunya-sabadell\/wp-json\/wp\/v2\/media?parent=4536"}],"wp:term":[{"taxonomy":"category","embeddable":true,"href":"https:\/\/agora.xtec.cat\/ceip-catalunya-sabadell\/wp-json\/wp\/v2\/categories?post=4536"},{"taxonomy":"post_tag","embeddable":true,"href":"https:\/\/agora.xtec.cat\/ceip-catalunya-sabadell\/wp-json\/wp\/v2\/tags?post=4536"}],"curies":[{"name":"wp","href":"https:\/\/api.w.org\/{rel}","templated":true}]}}