{"id":4533,"date":"2022-04-21T11:23:15","date_gmt":"2022-04-21T09:23:15","guid":{"rendered":"https:\/\/agora.xtec.cat\/ceip-catalunya-sabadell\/?p=4533"},"modified":"2022-04-21T11:23:15","modified_gmt":"2022-04-21T09:23:15","slug":"publicacio-llista-puntuacio-provisional","status":"publish","type":"post","link":"https:\/\/agora.xtec.cat\/ceip-catalunya-sabadell\/portada\/publicacio-llista-puntuacio-provisional\/","title":{"rendered":"PUBLICACI\u00d3 LLISTA PUNTUACI\u00d3 PROVISIONAL"},"content":{"rendered":"<p>Benvolgudes fam\u00edlies,<\/p>\n<p>clicant l&#8217;enlla\u00e7 tindreu acc\u00e9s a la llista amb la puntuaci\u00f3 provisional: <a href=\"https:\/\/drive.google.com\/file\/d\/1SoG0qYDJEfQNSygaxv6ro-1EJTED_BWT\/view?usp=sharing\">LLISTA<\/a><\/p>\n<ul>\n<li>Si no esteu d&#8217;acord amb la puntuaci\u00f3 provisional, o detecteu alguna errada o anomalia, es pot presentar una <strong>reclamaci\u00f3<\/strong>. En la consulta individual trobareu l&#8217;enlla\u00e7 per presentar-la.<\/li>\n<\/ul>\n<ul>\n<li>Si no podeu accedir a la consulta individual o no trobeu la sol\u00b7licitud a la llista amb la puntuaci\u00f3 provisional podeu adre\u00e7ar-vos al centre o a l&#8217;oficina municipal d&#8217;escolaritzaci\u00f3 per demanar informaci\u00f3. Tamb\u00e9 podeu presentar una <strong>reclamaci\u00f3<\/strong>\u00a0mitjan\u00e7ant els seg\u00fcents accessos, en funci\u00f3 del tipus de sol\u00b7licitud de preinscripci\u00f3 utilitzada:\n<ul>\n<li><a href=\"https:\/\/ctti.queue-it.net\/?c=ctti&amp;e=preins&amp;t=https%3A%2F%2Faplicacions.ensenyament.gencat.cat%2FGEDAC%2FGEDACSOL_SE_MOD_CAT.html\" target=\"_blank\" rel=\"noopener\">Si vau presentar una sol\u00b7licitud electr\u00f2nica<\/a><\/li>\n<li><a href=\"https:\/\/ctti.queue-it.net\/?c=ctti&amp;e=qpreinscripcioapexpr&amp;t=https%3A%2F%2Faplicacions.ensenyament.gencat.cat%2FGEDAC%2FGEDACSOL_SI_MOD_CAT.html\" target=\"_blank\" rel=\"noopener\">Si vau presentar una sol\u00b7licitud en suport inform\u00e0tic<\/a><\/li>\n<\/ul>\n<\/li>\n<\/ul>\n<p>Per qualsevol dubte, ens podeu trucar a secretaria al tel\u00e8fon 937269392<\/p>\n","protected":false},"excerpt":{"rendered":"<p>Benvolgudes fam\u00edlies,<br \/>\nclicant l&#8217;enlla\u00e7 tindreu acc\u00e9s a la llista amb la puntuaci\u00f3 provisional: <a href=\"https:\/\/drive.google.com\/file\/d\/1SoG0qYDJEfQNSygaxv6ro-1EJTED_BWT\/view?usp=sharing\">LLISTA<\/a><\/p>\n<ul>\n<li>Si no esteu d&#8217;acord amb la puntuaci\u00f3 provisional, o detecteu alguna errada o anomalia, es pot presentar una reclamaci\u00f3. En la consulta individual trobareu l&#8217;enlla\u00e7 per presentar-la.<\/li>\n<\/ul>\n<ul>\n<li>Si no podeu accedir a la&hellip;  <a href=\"https:\/\/agora.xtec.cat\/ceip-catalunya-sabadell\/portada\/publicacio-llista-puntuacio-provisional\/\" title=\"Read PUBLICACI\u00d3 LLISTA PUNTUACI\u00d3 PROVISIONAL\">Llegeix m\u00e9s\u00bb<\/a><br \/>\n","protected":false},"author":3,"featured_media":0,"comment_status":"open","ping_status":"closed","sticky":false,"template":"","format":"standard","meta":{"_bbp_topic_count":0,"_bbp_reply_count":0,"_bbp_total_topic_count":0,"_bbp_total_reply_count":0,"_bbp_voice_count":0,"_bbp_anonymous_reply_count":0,"_bbp_topic_count_hidden":0,"_bbp_reply_count_hidden":0,"_bbp_forum_subforum_count":0,"footnotes":""},"categories":[4,123],"tags":[],"class_list":["post-4533","post","type-post","status-publish","format-standard","hentry","category-portada","category-preinscripcio-i-matricula"],"post_mailing_queue_ids":[],"_links":{"self":[{"href":"https:\/\/agora.xtec.cat\/ceip-catalunya-sabadell\/wp-json\/wp\/v2\/posts\/4533","targetHints":{"allow":["GET"]}}],"collection":[{"href":"https:\/\/agora.xtec.cat\/ceip-catalunya-sabadell\/wp-json\/wp\/v2\/posts"}],"about":[{"href":"https:\/\/agora.xtec.cat\/ceip-catalunya-sabadell\/wp-json\/wp\/v2\/types\/post"}],"author":[{"embeddable":true,"href":"https:\/\/agora.xtec.cat\/ceip-catalunya-sabadell\/wp-json\/wp\/v2\/users\/3"}],"replies":[{"embeddable":true,"href":"https:\/\/agora.xtec.cat\/ceip-catalunya-sabadell\/wp-json\/wp\/v2\/comments?post=4533"}],"version-history":[{"count":1,"href":"https:\/\/agora.xtec.cat\/ceip-catalunya-sabadell\/wp-json\/wp\/v2\/posts\/4533\/revisions"}],"predecessor-version":[{"id":4534,"href":"https:\/\/agora.xtec.cat\/ceip-catalunya-sabadell\/wp-json\/wp\/v2\/posts\/4533\/revisions\/4534"}],"wp:attachment":[{"href":"https:\/\/agora.xtec.cat\/ceip-catalunya-sabadell\/wp-json\/wp\/v2\/media?parent=4533"}],"wp:term":[{"taxonomy":"category","embeddable":true,"href":"https:\/\/agora.xtec.cat\/ceip-catalunya-sabadell\/wp-json\/wp\/v2\/categories?post=4533"},{"taxonomy":"post_tag","embeddable":true,"href":"https:\/\/agora.xtec.cat\/ceip-catalunya-sabadell\/wp-json\/wp\/v2\/tags?post=4533"}],"curies":[{"name":"wp","href":"https:\/\/api.w.org\/{rel}","templated":true}]}}