{"id":452,"date":"2016-03-30T23:02:30","date_gmt":"2016-03-30T22:02:30","guid":{"rendered":"http:\/\/agora.xtec.cat\/ceip-catalunya-sabadell\/?p=452"},"modified":"2016-03-30T23:29:40","modified_gmt":"2016-03-30T22:29:40","slug":"projecte-sobre-picasso-al-cicle-inicial","status":"publish","type":"post","link":"https:\/\/agora.xtec.cat\/ceip-catalunya-sabadell\/artscrafts\/projecte-sobre-picasso-al-cicle-inicial\/","title":{"rendered":"PROJECTE SOBRE PICASSO AL CICLE INICIAL"},"content":{"rendered":"<p><img loading=\"lazy\" decoding=\"async\" class=\" alignleft\" src=\"https:\/\/sites.google.com\/a\/xtec.cat\/cicle-inicial-escola-catalunya\/_\/rsrc\/1454332153359\/noticies-del-cicle-2\/Imagen%20003.jpg?height=240&amp;width=320\" alt=\"\" width=\"320\" height=\"240\" border=\"0\" \/><\/p>\n<p>&nbsp;<\/p>\n<p>Durant el mes de gener, els nens i nenes de Cicle Inicial hem estat treballant la vida i obra de PICASSO.<\/p>\n<p>Gr\u00e0cies als llibres, documents, fotografies, v\u00eddeos i materials que les fam\u00edlies heu portat a l&#8217;escola, hem pogut con\u00e8ixer una mica millor aquest artista i hem apr\u00e8s un munt de coses sobre la seva vida.<\/p>\n<p>Un altre dia, vam anar al Museu Picasso de Barcelona i vam poder observar i reflexionar sobre algunes de les seves obres m\u00e9s representatives.<\/p>\n<p>&nbsp;<\/p>\n<h3>Museu Picasso<\/h3>\n<div class=\"sites-embed-align-center-wrapping-off\">\n<div class=\"sites-embed-border-on sites-embed\">\n<div class=\"sites-embed-content sites-embed-type-picasa\"><embed width=\"400\" height=\"267\" type=\"application\/x-shockwave-flash\" src=\"https:\/\/picasaweb.google.com\/s\/c\/bin\/slideshow.swf\" wmode=\"transparent\" pluginspage=\"\/\/www.macromedia.com\/go\/getflashplayer\" flashvars=\"host=picasaweb.google.com&amp;RGB=0x000000&amp;feed=https%3A%2F%2Fpicasaweb.google.com%2Fdata%2Ffeed%2Fapi%2Fuser%2F110091340986026654656%2Falbum%2F5DeFebrerDe201603%3Fkind%3Dphoto%26alt%3Drss%26\"><\/embed><\/div>\n<\/div>\n<\/div>\n<p>Com a cloenda d&#8217;aquest treball, durant tres dies, els nens i nenes de primer i segon vam fer uns tallers per tal de posar en pr\u00e0ctica algunes de les t\u00e8cniques que utilitzava Picasso:<\/p>\n<h3>Taller de dibuix amb un sol tra\u00e7<\/h3>\n<div class=\"sites-embed-align-center-wrapping-off\">\n<div class=\"sites-embed-border-on sites-embed\">\n<div class=\"sites-embed-content sites-embed-type-picasa\"><embed width=\"400\" height=\"267\" type=\"application\/x-shockwave-flash\" src=\"https:\/\/picasaweb.google.com\/s\/c\/bin\/slideshow.swf\" wmode=\"transparent\" pluginspage=\"\/\/www.macromedia.com\/go\/getflashplayer\" flashvars=\"host=picasaweb.google.com&amp;RGB=0x000000&amp;feed=https%3A%2F%2Fpicasaweb.google.com%2Fdata%2Ffeed%2Fapi%2Fuser%2F113689381688453663568%2Falbum%2FTallerDeDibuixAmbUnSolTrac%3Fkind%3Dphoto%26alt%3Drss%26\"><\/embed><\/div>\n<\/div>\n<\/div>\n<div>\n<div class=\"sites-embed-align-center-wrapping-off\">\n<div class=\"sites-embed-border-on sites-embed\">\n<h4 class=\"sites-embed-title\">Taller de dibuix d&#8217;arlequins<\/h4>\n<div class=\"sites-embed-content sites-embed-type-picasa\"><embed width=\"400\" height=\"267\" type=\"application\/x-shockwave-flash\" src=\"https:\/\/picasaweb.google.com\/s\/c\/bin\/slideshow.swf\" wmode=\"transparent\" pluginspage=\"\/\/www.macromedia.com\/go\/getflashplayer\" flashvars=\"host=picasaweb.google.com&amp;RGB=0x000000&amp;feed=https%3A%2F%2Fpicasaweb.google.com%2Fdata%2Ffeed%2Fapi%2Fuser%2F113689381688453663568%2Falbum%2FTallerDeDibuixDArlequins%3Fkind%3Dphoto%26alt%3Drss%26\"><\/embed><\/div>\n<\/div>\n<\/div>\n<\/div>\n<div class=\"sites-embed-align-center-wrapping-off\">\n<div class=\"sites-embed-border-on sites-embed\">\n<h4 class=\"sites-embed-title\">Taller de m\u00e0scares<\/h4>\n<div class=\"sites-embed-content sites-embed-type-picasa\"><embed width=\"400\" height=\"267\" type=\"application\/x-shockwave-flash\" src=\"https:\/\/picasaweb.google.com\/s\/c\/bin\/slideshow.swf\" wmode=\"transparent\" pluginspage=\"\/\/www.macromedia.com\/go\/getflashplayer\" flashvars=\"host=picasaweb.google.com&amp;RGB=0x000000&amp;feed=https%3A%2F%2Fpicasaweb.google.com%2Fdata%2Ffeed%2Fapi%2Fuser%2F110091340986026654656%2Falbum%2FTallerDeMascares%3Fkind%3Dphoto%26alt%3Drss%26\"><\/embed><\/div>\n<\/div>\n<\/div>\n<div class=\"sites-embed-align-center-wrapping-off\">\n<div class=\"sites-embed-border-on sites-embed\">\n<h4 class=\"sites-embed-title\">Taller de m\u00e0scares<\/h4>\n<div class=\"sites-embed-content sites-embed-type-picasa\"><embed width=\"400\" height=\"267\" type=\"application\/x-shockwave-flash\" src=\"https:\/\/picasaweb.google.com\/s\/c\/bin\/slideshow.swf\" wmode=\"transparent\" pluginspage=\"\/\/www.macromedia.com\/go\/getflashplayer\" flashvars=\"host=picasaweb.google.com&amp;RGB=0x000000&amp;feed=https%3A%2F%2Fpicasaweb.google.com%2Fdata%2Ffeed%2Fapi%2Fuser%2F104990381439286328563%2Falbum%2FTallerDeMascares%3Fkind%3Dphoto%26alt%3Drss%26\"><\/embed><\/div>\n<\/div>\n<\/div>\n<h3>Taller del mural: collage de l&#8217;obra &#8220;Els tres m\u00fasics&#8221;<\/h3>\n<div class=\"sites-embed-align-center-wrapping-off\">\n<div class=\"sites-embed-border-on sites-embed\">\n<div class=\"sites-embed-content sites-embed-type-picasa\"><embed width=\"400\" height=\"267\" type=\"application\/x-shockwave-flash\" src=\"https:\/\/picasaweb.google.com\/s\/c\/bin\/slideshow.swf\" wmode=\"transparent\" pluginspage=\"\/\/www.macromedia.com\/go\/getflashplayer\" flashvars=\"host=picasaweb.google.com&amp;RGB=0x000000&amp;feed=https%3A%2F%2Fpicasaweb.google.com%2Fdata%2Ffeed%2Fapi%2Fuser%2F113689381688453663568%2Falbum%2FTallerDelMuralElsTresMusics%3Fkind%3Dphoto%26alt%3Drss%26\"><\/embed><\/div>\n<\/div>\n<\/div>\n<p>Ha estat una experi\u00e8ncia molt enriquidora i tots els nens i nenes hem gaudit i hem apr\u00e8s moltes coses sobre aquest artista.<\/p>\n<p><span style=\"color: #9900ff;\">Si cliqueu els seg\u00fcents enlla\u00e7os podreu fer diferents activitats relacionades amb les obres del fam\u00f3s pintor:<u><br \/>\n<\/u><b><u><\/u><\/b><\/span><\/p>\n<p><span style=\"color: #9900ff;\"><b><u><a href=\"http:\/\/www.bcn.cat\/museupicasso\/memory\/ca\/\" target=\"_blank\" rel=\"nofollow\">Memory\u00a0<\/a><br \/>\n<\/u><br \/>\n<a href=\"http:\/\/www.picassohead.com\/create.html\" target=\"_blank\" rel=\"nofollow\">Creaci\u00f3 de retrats<\/a><\/b><\/span><\/p>\n","protected":false},"excerpt":{"rendered":"<p>&nbsp;<br \/>\nDurant el mes de gener, els nens i nenes de Cicle Inicial hem estat treballant la vida i obra de PICASSO.<br \/>\nGr\u00e0cies als llibres, documents, fotografies, v\u00eddeos i materials que les fam\u00edlies heu portat a l&#8217;escola, hem pogut con\u00e8ixer una mica millor aquest artista i hem&hellip;  <a href=\"https:\/\/agora.xtec.cat\/ceip-catalunya-sabadell\/artscrafts\/projecte-sobre-picasso-al-cicle-inicial\/\" title=\"Read PROJECTE SOBRE PICASSO AL CICLE INICIAL\">Llegeix m\u00e9s\u00bb<\/a><\/p>\n","protected":false},"author":3,"featured_media":0,"comment_status":"open","ping_status":"open","sticky":false,"template":"","format":"standard","meta":{"_bbp_topic_count":0,"_bbp_reply_count":0,"_bbp_total_topic_count":0,"_bbp_total_reply_count":0,"_bbp_voice_count":0,"_bbp_anonymous_reply_count":0,"_bbp_topic_count_hidden":0,"_bbp_reply_count_hidden":0,"_bbp_forum_subforum_count":0,"footnotes":""},"categories":[40],"tags":[47,46],"class_list":["post-452","post","type-post","status-publish","format-standard","hentry","category-artscrafts","tag-cicle-inicial","tag-picasso"],"post_mailing_queue_ids":[],"_links":{"self":[{"href":"https:\/\/agora.xtec.cat\/ceip-catalunya-sabadell\/wp-json\/wp\/v2\/posts\/452","targetHints":{"allow":["GET"]}}],"collection":[{"href":"https:\/\/agora.xtec.cat\/ceip-catalunya-sabadell\/wp-json\/wp\/v2\/posts"}],"about":[{"href":"https:\/\/agora.xtec.cat\/ceip-catalunya-sabadell\/wp-json\/wp\/v2\/types\/post"}],"author":[{"embeddable":true,"href":"https:\/\/agora.xtec.cat\/ceip-catalunya-sabadell\/wp-json\/wp\/v2\/users\/3"}],"replies":[{"embeddable":true,"href":"https:\/\/agora.xtec.cat\/ceip-catalunya-sabadell\/wp-json\/wp\/v2\/comments?post=452"}],"version-history":[{"count":2,"href":"https:\/\/agora.xtec.cat\/ceip-catalunya-sabadell\/wp-json\/wp\/v2\/posts\/452\/revisions"}],"predecessor-version":[{"id":459,"href":"https:\/\/agora.xtec.cat\/ceip-catalunya-sabadell\/wp-json\/wp\/v2\/posts\/452\/revisions\/459"}],"wp:attachment":[{"href":"https:\/\/agora.xtec.cat\/ceip-catalunya-sabadell\/wp-json\/wp\/v2\/media?parent=452"}],"wp:term":[{"taxonomy":"category","embeddable":true,"href":"https:\/\/agora.xtec.cat\/ceip-catalunya-sabadell\/wp-json\/wp\/v2\/categories?post=452"},{"taxonomy":"post_tag","embeddable":true,"href":"https:\/\/agora.xtec.cat\/ceip-catalunya-sabadell\/wp-json\/wp\/v2\/tags?post=452"}],"curies":[{"name":"wp","href":"https:\/\/api.w.org\/{rel}","templated":true}]}}