{"id":4514,"date":"2022-04-08T12:19:30","date_gmt":"2022-04-08T10:19:30","guid":{"rendered":"https:\/\/agora.xtec.cat\/ceip-catalunya-sabadell\/?p=4514"},"modified":"2022-04-08T12:20:24","modified_gmt":"2022-04-08T10:20:24","slug":"llibres-sense-fronteres","status":"publish","type":"post","link":"https:\/\/agora.xtec.cat\/ceip-catalunya-sabadell\/portada\/llibres-sense-fronteres\/","title":{"rendered":"Llibres sense fronteres"},"content":{"rendered":"<p>Benvolgudes fam\u00edlies,<\/p>\n<p>fa unes setmanes vam fer una col\u00b7laboraci\u00f3 amb una iniciativa per enviar lectures a les v\u00edctimes del conflicte d&#8217;Ucra\u00efna. El treball que vam ver a l&#8217;escola va ser col\u00b7laborar de manera volunt\u00e0ria amb dibuixos fets per l&#8217;alumnat del centre. Passats uns dies d&#8217;aquesta col\u00b7laboraci\u00f3, va contactar amb nosaltres una periodista de LA VANGUARDIA, que s&#8217;ha interessat per aquesta acci\u00f3 conjunta i ha fet un article.<\/p>\n<p>Aqu\u00ed teniu el link per accedir: <a href=\"https:\/\/www.lavanguardia.com\/cultura\/20220331\/8164562\/libros-sin-palabras-estrechar-fronteras-lazos-refugiados-ucrania-guerra.html\">https:\/\/www.lavanguardia.com\/cultura\/20220331\/8164562\/libros-sin-palabras-estrechar-fronteras-lazos-refugiados-ucrania-guerra.html<\/a><\/p>\n<p>&nbsp;<\/p>\n<p>&nbsp;<\/p>\n","protected":false},"excerpt":{"rendered":"<p>Benvolgudes fam\u00edlies,<br \/>\nfa unes setmanes vam fer una col\u00b7laboraci\u00f3 amb una iniciativa per enviar lectures a les v\u00edctimes del conflicte d&#8217;Ucra\u00efna. El treball que vam ver a l&#8217;escola va ser col\u00b7laborar de manera volunt\u00e0ria amb dibuixos fets per l&#8217;alumnat del centre. Passats uns dies d&#8217;aquesta col\u00b7laboraci\u00f3,&hellip;  <a href=\"https:\/\/agora.xtec.cat\/ceip-catalunya-sabadell\/portada\/llibres-sense-fronteres\/\" title=\"Read Llibres sense fronteres\">Llegeix m\u00e9s\u00bb<\/a><\/p>\n","protected":false},"author":22,"featured_media":0,"comment_status":"open","ping_status":"closed","sticky":false,"template":"","format":"standard","meta":{"_bbp_topic_count":0,"_bbp_reply_count":0,"_bbp_total_topic_count":0,"_bbp_total_reply_count":0,"_bbp_voice_count":0,"_bbp_anonymous_reply_count":0,"_bbp_topic_count_hidden":0,"_bbp_reply_count_hidden":0,"_bbp_forum_subforum_count":0,"footnotes":""},"categories":[4],"tags":[],"class_list":["post-4514","post","type-post","status-publish","format-standard","hentry","category-portada"],"post_mailing_queue_ids":[],"_links":{"self":[{"href":"https:\/\/agora.xtec.cat\/ceip-catalunya-sabadell\/wp-json\/wp\/v2\/posts\/4514","targetHints":{"allow":["GET"]}}],"collection":[{"href":"https:\/\/agora.xtec.cat\/ceip-catalunya-sabadell\/wp-json\/wp\/v2\/posts"}],"about":[{"href":"https:\/\/agora.xtec.cat\/ceip-catalunya-sabadell\/wp-json\/wp\/v2\/types\/post"}],"author":[{"embeddable":true,"href":"https:\/\/agora.xtec.cat\/ceip-catalunya-sabadell\/wp-json\/wp\/v2\/users\/22"}],"replies":[{"embeddable":true,"href":"https:\/\/agora.xtec.cat\/ceip-catalunya-sabadell\/wp-json\/wp\/v2\/comments?post=4514"}],"version-history":[{"count":2,"href":"https:\/\/agora.xtec.cat\/ceip-catalunya-sabadell\/wp-json\/wp\/v2\/posts\/4514\/revisions"}],"predecessor-version":[{"id":4516,"href":"https:\/\/agora.xtec.cat\/ceip-catalunya-sabadell\/wp-json\/wp\/v2\/posts\/4514\/revisions\/4516"}],"wp:attachment":[{"href":"https:\/\/agora.xtec.cat\/ceip-catalunya-sabadell\/wp-json\/wp\/v2\/media?parent=4514"}],"wp:term":[{"taxonomy":"category","embeddable":true,"href":"https:\/\/agora.xtec.cat\/ceip-catalunya-sabadell\/wp-json\/wp\/v2\/categories?post=4514"},{"taxonomy":"post_tag","embeddable":true,"href":"https:\/\/agora.xtec.cat\/ceip-catalunya-sabadell\/wp-json\/wp\/v2\/tags?post=4514"}],"curies":[{"name":"wp","href":"https:\/\/api.w.org\/{rel}","templated":true}]}}