{"id":4510,"date":"2022-04-08T09:01:33","date_gmt":"2022-04-08T07:01:33","guid":{"rendered":"https:\/\/agora.xtec.cat\/ceip-catalunya-sabadell\/?p=4510"},"modified":"2022-04-07T09:03:42","modified_gmt":"2022-04-07T07:03:42","slug":"projecte-de-teatre-el-temps","status":"publish","type":"post","link":"https:\/\/agora.xtec.cat\/ceip-catalunya-sabadell\/general\/projecte-de-teatre-el-temps\/","title":{"rendered":"Projecte de teatre: El temps"},"content":{"rendered":"<p>Els alumnes de segon de prim\u00e0ria han dut a terme un projecte transversal relacionat amb el temps meteorol\u00f2gic. Tots s&#8217;ho han passat molt b\u00e9 creant i representant els di\u00e0legs. Feliciteu els petits artistes que teniu a casa. Esperem que us agradi!<\/p>\n<p><strong>CLASSE DELS INVESTIGADORS I LES INVESTIGADORES<\/strong><\/p>\n<p><iframe loading=\"lazy\" title=\"Hivern\" width=\"500\" height=\"281\" src=\"https:\/\/www.youtube.com\/embed\/75nRFFOqwbY?feature=oembed\" frameborder=\"0\" allow=\"accelerometer; autoplay; clipboard-write; encrypted-media; gyroscope; picture-in-picture; web-share\" referrerpolicy=\"strict-origin-when-cross-origin\" allowfullscreen><\/iframe><\/p>\n<p><iframe loading=\"lazy\" title=\"Primavera\" width=\"500\" height=\"281\" src=\"https:\/\/www.youtube.com\/embed\/4iWgffXYgiw?feature=oembed\" frameborder=\"0\" allow=\"accelerometer; autoplay; clipboard-write; encrypted-media; gyroscope; picture-in-picture; web-share\" referrerpolicy=\"strict-origin-when-cross-origin\" allowfullscreen><\/iframe><\/p>\n<p>&nbsp;<\/p>\n<p>&nbsp;<\/p>\n<p><strong>CLASSE DELS I LES DINOSAURES<\/strong><\/p>\n<p><iframe loading=\"lazy\" title=\"Estiu\" width=\"500\" height=\"281\" src=\"https:\/\/www.youtube.com\/embed\/R0Y4a8dfqBY?feature=oembed\" frameborder=\"0\" allow=\"accelerometer; autoplay; clipboard-write; encrypted-media; gyroscope; picture-in-picture; web-share\" referrerpolicy=\"strict-origin-when-cross-origin\" allowfullscreen><\/iframe><\/p>\n<p><iframe loading=\"lazy\" title=\"Tardor\" width=\"500\" height=\"281\" src=\"https:\/\/www.youtube.com\/embed\/iycMOQxwiHs?feature=oembed\" frameborder=\"0\" allow=\"accelerometer; autoplay; clipboard-write; encrypted-media; gyroscope; picture-in-picture; web-share\" referrerpolicy=\"strict-origin-when-cross-origin\" allowfullscreen><\/iframe><\/p>\n<p>&nbsp;<\/p>\n","protected":false},"excerpt":{"rendered":"<p>Els alumnes de segon de prim\u00e0ria han dut a terme un projecte transversal relacionat amb el temps meteorol\u00f2gic. Tots s&#8217;ho han passat molt b\u00e9 creant i representant els di\u00e0legs. Feliciteu els petits artistes que teniu a casa. Esperem que us agradi!<br \/>\nCLASSE DELS INVESTIGADORS I LES&hellip;  <a href=\"https:\/\/agora.xtec.cat\/ceip-catalunya-sabadell\/general\/projecte-de-teatre-el-temps\/\" title=\"Read Projecte de teatre: El temps\">Llegeix m\u00e9s\u00bb<\/a><\/p>\n","protected":false},"author":61,"featured_media":0,"comment_status":"closed","ping_status":"closed","sticky":false,"template":"","format":"standard","meta":{"_bbp_topic_count":0,"_bbp_reply_count":0,"_bbp_total_topic_count":0,"_bbp_total_reply_count":0,"_bbp_voice_count":0,"_bbp_anonymous_reply_count":0,"_bbp_topic_count_hidden":0,"_bbp_reply_count_hidden":0,"_bbp_forum_subforum_count":0,"footnotes":""},"categories":[1,4,37],"tags":[132,47,85],"class_list":["post-4510","post","type-post","status-publish","format-standard","hentry","category-general","category-portada","category-teatre","tag-2n-primaria","tag-cicle-inicial","tag-teatre"],"post_mailing_queue_ids":[],"_links":{"self":[{"href":"https:\/\/agora.xtec.cat\/ceip-catalunya-sabadell\/wp-json\/wp\/v2\/posts\/4510","targetHints":{"allow":["GET"]}}],"collection":[{"href":"https:\/\/agora.xtec.cat\/ceip-catalunya-sabadell\/wp-json\/wp\/v2\/posts"}],"about":[{"href":"https:\/\/agora.xtec.cat\/ceip-catalunya-sabadell\/wp-json\/wp\/v2\/types\/post"}],"author":[{"embeddable":true,"href":"https:\/\/agora.xtec.cat\/ceip-catalunya-sabadell\/wp-json\/wp\/v2\/users\/61"}],"replies":[{"embeddable":true,"href":"https:\/\/agora.xtec.cat\/ceip-catalunya-sabadell\/wp-json\/wp\/v2\/comments?post=4510"}],"version-history":[{"count":2,"href":"https:\/\/agora.xtec.cat\/ceip-catalunya-sabadell\/wp-json\/wp\/v2\/posts\/4510\/revisions"}],"predecessor-version":[{"id":4512,"href":"https:\/\/agora.xtec.cat\/ceip-catalunya-sabadell\/wp-json\/wp\/v2\/posts\/4510\/revisions\/4512"}],"wp:attachment":[{"href":"https:\/\/agora.xtec.cat\/ceip-catalunya-sabadell\/wp-json\/wp\/v2\/media?parent=4510"}],"wp:term":[{"taxonomy":"category","embeddable":true,"href":"https:\/\/agora.xtec.cat\/ceip-catalunya-sabadell\/wp-json\/wp\/v2\/categories?post=4510"},{"taxonomy":"post_tag","embeddable":true,"href":"https:\/\/agora.xtec.cat\/ceip-catalunya-sabadell\/wp-json\/wp\/v2\/tags?post=4510"}],"curies":[{"name":"wp","href":"https:\/\/api.w.org\/{rel}","templated":true}]}}