{"id":4465,"date":"2022-03-08T18:06:19","date_gmt":"2022-03-08T17:06:19","guid":{"rendered":"https:\/\/agora.xtec.cat\/ceip-catalunya-sabadell\/?p=4465"},"modified":"2022-03-08T18:07:53","modified_gmt":"2022-03-08T17:07:53","slug":"8-de-marc-dia-internacional-de-la-dona","status":"publish","type":"post","link":"https:\/\/agora.xtec.cat\/ceip-catalunya-sabadell\/general\/8-de-marc-dia-internacional-de-la-dona\/","title":{"rendered":"8 de mar\u00e7: Dia internacional de la dona"},"content":{"rendered":"<p>Avui, dia 8 de mar\u00e7 hem fet diferents propostes a l\u2019escola per commemorar el dia de la Dona. Estem molt contentes d\u2019haver pogut treballar plegades amb l\u2019AFA i una d\u2019aquestes activitats s\u2019ha fet conjuntament amb la comissi\u00f3 lila de l\u2019AFA i amb fam\u00edlies volunt\u00e0ries. Us deixem un recull de fotografies perqu\u00e8 en veieu el resultat.<\/p>\n<p data-wp-editing=\"1\"><img loading=\"lazy\" decoding=\"async\" class=\"alignnone wp-image-4466 size-large\" src=\"https:\/\/agora.xtec.cat\/ceip-catalunya-sabadell\/wp-content\/uploads\/usu823\/2022\/03\/EA4C7EEA-871D-4FA8-8BC3-E01EFE49D7A9-1024x689.jpeg\" alt=\"\" width=\"1024\" height=\"689\" srcset=\"https:\/\/agora.xtec.cat\/ceip-catalunya-sabadell\/wp-content\/uploads\/usu823\/2022\/03\/EA4C7EEA-871D-4FA8-8BC3-E01EFE49D7A9-1024x689.jpeg 1024w, https:\/\/agora.xtec.cat\/ceip-catalunya-sabadell\/wp-content\/uploads\/usu823\/2022\/03\/EA4C7EEA-871D-4FA8-8BC3-E01EFE49D7A9-300x202.jpeg 300w, https:\/\/agora.xtec.cat\/ceip-catalunya-sabadell\/wp-content\/uploads\/usu823\/2022\/03\/EA4C7EEA-871D-4FA8-8BC3-E01EFE49D7A9-768x517.jpeg 768w, https:\/\/agora.xtec.cat\/ceip-catalunya-sabadell\/wp-content\/uploads\/usu823\/2022\/03\/EA4C7EEA-871D-4FA8-8BC3-E01EFE49D7A9-1536x1034.jpeg 1536w, https:\/\/agora.xtec.cat\/ceip-catalunya-sabadell\/wp-content\/uploads\/usu823\/2022\/03\/EA4C7EEA-871D-4FA8-8BC3-E01EFE49D7A9.jpeg 2048w\" sizes=\"auto, (max-width: 1024px) 100vw, 1024px\" \/> <img loading=\"lazy\" decoding=\"async\" class=\"alignnone wp-image-4467 size-large\" src=\"https:\/\/agora.xtec.cat\/ceip-catalunya-sabadell\/wp-content\/uploads\/usu823\/2022\/03\/EF8768E0-A5CD-43B7-B148-FC630D051EC0-1024x768.jpeg\" alt=\"\" width=\"1024\" height=\"768\" srcset=\"https:\/\/agora.xtec.cat\/ceip-catalunya-sabadell\/wp-content\/uploads\/usu823\/2022\/03\/EF8768E0-A5CD-43B7-B148-FC630D051EC0-1024x768.jpeg 1024w, https:\/\/agora.xtec.cat\/ceip-catalunya-sabadell\/wp-content\/uploads\/usu823\/2022\/03\/EF8768E0-A5CD-43B7-B148-FC630D051EC0-300x225.jpeg 300w, https:\/\/agora.xtec.cat\/ceip-catalunya-sabadell\/wp-content\/uploads\/usu823\/2022\/03\/EF8768E0-A5CD-43B7-B148-FC630D051EC0-768x576.jpeg 768w, https:\/\/agora.xtec.cat\/ceip-catalunya-sabadell\/wp-content\/uploads\/usu823\/2022\/03\/EF8768E0-A5CD-43B7-B148-FC630D051EC0-1536x1152.jpeg 1536w, https:\/\/agora.xtec.cat\/ceip-catalunya-sabadell\/wp-content\/uploads\/usu823\/2022\/03\/EF8768E0-A5CD-43B7-B148-FC630D051EC0-200x150.jpeg 200w, https:\/\/agora.xtec.cat\/ceip-catalunya-sabadell\/wp-content\/uploads\/usu823\/2022\/03\/EF8768E0-A5CD-43B7-B148-FC630D051EC0.jpeg 2048w\" sizes=\"auto, (max-width: 1024px) 100vw, 1024px\" \/><br \/>\n<img loading=\"lazy\" decoding=\"async\" class=\"alignnone wp-image-4468 size-large\" src=\"https:\/\/agora.xtec.cat\/ceip-catalunya-sabadell\/wp-content\/uploads\/usu823\/2022\/03\/BEF6B745-05E0-49A2-B78A-B1544E333D22-1024x768.jpeg\" alt=\"\" width=\"1024\" height=\"768\" srcset=\"https:\/\/agora.xtec.cat\/ceip-catalunya-sabadell\/wp-content\/uploads\/usu823\/2022\/03\/BEF6B745-05E0-49A2-B78A-B1544E333D22-1024x768.jpeg 1024w, https:\/\/agora.xtec.cat\/ceip-catalunya-sabadell\/wp-content\/uploads\/usu823\/2022\/03\/BEF6B745-05E0-49A2-B78A-B1544E333D22-300x225.jpeg 300w, https:\/\/agora.xtec.cat\/ceip-catalunya-sabadell\/wp-content\/uploads\/usu823\/2022\/03\/BEF6B745-05E0-49A2-B78A-B1544E333D22-768x576.jpeg 768w, https:\/\/agora.xtec.cat\/ceip-catalunya-sabadell\/wp-content\/uploads\/usu823\/2022\/03\/BEF6B745-05E0-49A2-B78A-B1544E333D22-1536x1152.jpeg 1536w, https:\/\/agora.xtec.cat\/ceip-catalunya-sabadell\/wp-content\/uploads\/usu823\/2022\/03\/BEF6B745-05E0-49A2-B78A-B1544E333D22-200x150.jpeg 200w, https:\/\/agora.xtec.cat\/ceip-catalunya-sabadell\/wp-content\/uploads\/usu823\/2022\/03\/BEF6B745-05E0-49A2-B78A-B1544E333D22.jpeg 2048w\" sizes=\"auto, (max-width: 1024px) 100vw, 1024px\" \/> <img loading=\"lazy\" decoding=\"async\" class=\"alignnone wp-image-4469 size-large\" src=\"https:\/\/agora.xtec.cat\/ceip-catalunya-sabadell\/wp-content\/uploads\/usu823\/2022\/03\/F4996ADC-E735-454D-8ECE-E48D28C8907F-768x1024.jpeg\" alt=\"\" width=\"768\" height=\"1024\" srcset=\"https:\/\/agora.xtec.cat\/ceip-catalunya-sabadell\/wp-content\/uploads\/usu823\/2022\/03\/F4996ADC-E735-454D-8ECE-E48D28C8907F-768x1024.jpeg 768w, https:\/\/agora.xtec.cat\/ceip-catalunya-sabadell\/wp-content\/uploads\/usu823\/2022\/03\/F4996ADC-E735-454D-8ECE-E48D28C8907F-225x300.jpeg 225w, https:\/\/agora.xtec.cat\/ceip-catalunya-sabadell\/wp-content\/uploads\/usu823\/2022\/03\/F4996ADC-E735-454D-8ECE-E48D28C8907F-1152x1536.jpeg 1152w, https:\/\/agora.xtec.cat\/ceip-catalunya-sabadell\/wp-content\/uploads\/usu823\/2022\/03\/F4996ADC-E735-454D-8ECE-E48D28C8907F.jpeg 1536w\" sizes=\"auto, (max-width: 768px) 100vw, 768px\" \/> <img loading=\"lazy\" decoding=\"async\" class=\"alignnone wp-image-4470 size-large\" src=\"https:\/\/agora.xtec.cat\/ceip-catalunya-sabadell\/wp-content\/uploads\/usu823\/2022\/03\/596030CE-B72C-4666-9D7E-673B073C5A74-1024x768.jpeg\" alt=\"\" width=\"1024\" height=\"768\" srcset=\"https:\/\/agora.xtec.cat\/ceip-catalunya-sabadell\/wp-content\/uploads\/usu823\/2022\/03\/596030CE-B72C-4666-9D7E-673B073C5A74-1024x768.jpeg 1024w, https:\/\/agora.xtec.cat\/ceip-catalunya-sabadell\/wp-content\/uploads\/usu823\/2022\/03\/596030CE-B72C-4666-9D7E-673B073C5A74-300x225.jpeg 300w, https:\/\/agora.xtec.cat\/ceip-catalunya-sabadell\/wp-content\/uploads\/usu823\/2022\/03\/596030CE-B72C-4666-9D7E-673B073C5A74-768x576.jpeg 768w, https:\/\/agora.xtec.cat\/ceip-catalunya-sabadell\/wp-content\/uploads\/usu823\/2022\/03\/596030CE-B72C-4666-9D7E-673B073C5A74-1536x1152.jpeg 1536w, https:\/\/agora.xtec.cat\/ceip-catalunya-sabadell\/wp-content\/uploads\/usu823\/2022\/03\/596030CE-B72C-4666-9D7E-673B073C5A74-200x150.jpeg 200w, https:\/\/agora.xtec.cat\/ceip-catalunya-sabadell\/wp-content\/uploads\/usu823\/2022\/03\/596030CE-B72C-4666-9D7E-673B073C5A74.jpeg 2048w\" sizes=\"auto, (max-width: 1024px) 100vw, 1024px\" \/><\/p>\n","protected":false},"excerpt":{"rendered":"<p>Avui, dia 8 de mar\u00e7 hem fet diferents propostes a l\u2019escola per commemorar el dia de la Dona. Estem molt contentes d\u2019haver pogut treballar plegades amb l\u2019AFA i una d\u2019aquestes activitats s\u2019ha fet conjuntament amb la comissi\u00f3 lila de l\u2019AFA i amb fam\u00edlies volunt\u00e0ries. Us&hellip;  <a href=\"https:\/\/agora.xtec.cat\/ceip-catalunya-sabadell\/general\/8-de-marc-dia-internacional-de-la-dona\/\" title=\"Read 8 de mar\u00e7: Dia internacional de la dona\">Llegeix m\u00e9s\u00bb<\/a><\/p>\n","protected":false},"author":3,"featured_media":4466,"comment_status":"open","ping_status":"closed","sticky":false,"template":"","format":"standard","meta":{"_bbp_topic_count":0,"_bbp_reply_count":0,"_bbp_total_topic_count":0,"_bbp_total_reply_count":0,"_bbp_voice_count":0,"_bbp_anonymous_reply_count":0,"_bbp_topic_count_hidden":0,"_bbp_reply_count_hidden":0,"_bbp_forum_subforum_count":0,"footnotes":""},"categories":[7,1,4],"tags":[],"class_list":["post-4465","post","type-post","status-publish","format-standard","has-post-thumbnail","hentry","category-ampa","category-general","category-portada"],"post_mailing_queue_ids":[],"_links":{"self":[{"href":"https:\/\/agora.xtec.cat\/ceip-catalunya-sabadell\/wp-json\/wp\/v2\/posts\/4465","targetHints":{"allow":["GET"]}}],"collection":[{"href":"https:\/\/agora.xtec.cat\/ceip-catalunya-sabadell\/wp-json\/wp\/v2\/posts"}],"about":[{"href":"https:\/\/agora.xtec.cat\/ceip-catalunya-sabadell\/wp-json\/wp\/v2\/types\/post"}],"author":[{"embeddable":true,"href":"https:\/\/agora.xtec.cat\/ceip-catalunya-sabadell\/wp-json\/wp\/v2\/users\/3"}],"replies":[{"embeddable":true,"href":"https:\/\/agora.xtec.cat\/ceip-catalunya-sabadell\/wp-json\/wp\/v2\/comments?post=4465"}],"version-history":[{"count":2,"href":"https:\/\/agora.xtec.cat\/ceip-catalunya-sabadell\/wp-json\/wp\/v2\/posts\/4465\/revisions"}],"predecessor-version":[{"id":4472,"href":"https:\/\/agora.xtec.cat\/ceip-catalunya-sabadell\/wp-json\/wp\/v2\/posts\/4465\/revisions\/4472"}],"wp:featuredmedia":[{"embeddable":true,"href":"https:\/\/agora.xtec.cat\/ceip-catalunya-sabadell\/wp-json\/wp\/v2\/media\/4466"}],"wp:attachment":[{"href":"https:\/\/agora.xtec.cat\/ceip-catalunya-sabadell\/wp-json\/wp\/v2\/media?parent=4465"}],"wp:term":[{"taxonomy":"category","embeddable":true,"href":"https:\/\/agora.xtec.cat\/ceip-catalunya-sabadell\/wp-json\/wp\/v2\/categories?post=4465"},{"taxonomy":"post_tag","embeddable":true,"href":"https:\/\/agora.xtec.cat\/ceip-catalunya-sabadell\/wp-json\/wp\/v2\/tags?post=4465"}],"curies":[{"name":"wp","href":"https:\/\/api.w.org\/{rel}","templated":true}]}}