{"id":4456,"date":"2022-03-02T15:34:46","date_gmt":"2022-03-02T14:34:46","guid":{"rendered":"https:\/\/agora.xtec.cat\/ceip-catalunya-sabadell\/?p=4456"},"modified":"2022-03-02T15:39:11","modified_gmt":"2022-03-02T14:39:11","slug":"carnavaaaaaal","status":"publish","type":"post","link":"https:\/\/agora.xtec.cat\/ceip-catalunya-sabadell\/portada\/carnavaaaaaal\/","title":{"rendered":"CARNAVAAAAAAL!!!"},"content":{"rendered":"<p>Benvolgudes fam\u00edlies,<\/p>\n<p>us deixem els enlla\u00e7os amb el recull de fotografies de cada grup classe aix\u00ed com les danses que vam ballar plegats al pati de l&#8217;escola divendres passat.<\/p>\n<ul>\n<li><a href=\"https:\/\/drive.google.com\/drive\/folders\/1d6SN7NIrLGbXzMksiooTpyl_mnup9muP?usp=sharing\">FOTOS GRUP<\/a><\/li>\n<li><a href=\"https:\/\/drive.google.com\/drive\/folders\/14ZnYRtTvCmVA3hMUkOBp22ApQULRenja?usp=sharing\">DANSES<\/a><\/li>\n<\/ul>\n<p>Els nens i nenes, les fam\u00edlies i les mestres de l&#8217;escola vam gaudir molt\u00edssim de la festa, cantant, ballant i fent tabola al ritme de la m\u00fasica.<\/p>\n<p>Ja tenim moltes ganes que el Rei Carnestoltes torni l&#8217;any vinent per portar-nos de nou la diversi\u00f3 i la xerinola!!!<\/p>\n<p><img loading=\"lazy\" decoding=\"async\" class=\"alignnone size-large wp-image-4444\" src=\"https:\/\/agora.xtec.cat\/ceip-catalunya-sabadell\/wp-content\/uploads\/usu823\/2022\/02\/IMG_0719-1024x731.jpg\" alt=\"\" width=\"1024\" height=\"731\" srcset=\"https:\/\/agora.xtec.cat\/ceip-catalunya-sabadell\/wp-content\/uploads\/usu823\/2022\/02\/IMG_0719-1024x731.jpg 1024w, https:\/\/agora.xtec.cat\/ceip-catalunya-sabadell\/wp-content\/uploads\/usu823\/2022\/02\/IMG_0719-300x214.jpg 300w, https:\/\/agora.xtec.cat\/ceip-catalunya-sabadell\/wp-content\/uploads\/usu823\/2022\/02\/IMG_0719-768x548.jpg 768w, https:\/\/agora.xtec.cat\/ceip-catalunya-sabadell\/wp-content\/uploads\/usu823\/2022\/02\/IMG_0719-1536x1096.jpg 1536w, https:\/\/agora.xtec.cat\/ceip-catalunya-sabadell\/wp-content\/uploads\/usu823\/2022\/02\/IMG_0719.jpg 1920w\" sizes=\"auto, (max-width: 1024px) 100vw, 1024px\" \/><\/p>\n","protected":false},"excerpt":{"rendered":"<p>Benvolgudes fam\u00edlies,<br \/>\nus deixem els enlla\u00e7os amb el recull de fotografies de cada grup classe aix\u00ed com les danses que vam ballar plegats al pati de l&#8217;escola divendres passat.<\/p>\n<ul>\n<li><a href=\"https:\/\/drive.google.com\/drive\/folders\/1d6SN7NIrLGbXzMksiooTpyl_mnup9muP?usp=sharing\">FOTOS GRUP<\/a><\/li>\n<li><a href=\"https:\/\/drive.google.com\/drive\/folders\/14ZnYRtTvCmVA3hMUkOBp22ApQULRenja?usp=sharing\">DANSES<\/a><\/li>\n<\/ul>\n<p>Els nens i nenes, les fam\u00edlies i les mestres de l&#8217;escola vam gaudir molt\u00edssim de&hellip;  <a href=\"https:\/\/agora.xtec.cat\/ceip-catalunya-sabadell\/portada\/carnavaaaaaal\/\" title=\"Read CARNAVAAAAAAL!!!\">Llegeix m\u00e9s\u00bb<\/a><\/p>\n","protected":false},"author":3,"featured_media":4444,"comment_status":"open","ping_status":"closed","sticky":false,"template":"","format":"standard","meta":{"_bbp_topic_count":0,"_bbp_reply_count":0,"_bbp_total_topic_count":0,"_bbp_total_reply_count":0,"_bbp_voice_count":0,"_bbp_anonymous_reply_count":0,"_bbp_topic_count_hidden":0,"_bbp_reply_count_hidden":0,"_bbp_forum_subforum_count":0,"footnotes":""},"categories":[36,4],"tags":[],"class_list":["post-4456","post","type-post","status-publish","format-standard","has-post-thumbnail","hentry","category-festes","category-portada"],"post_mailing_queue_ids":[],"_links":{"self":[{"href":"https:\/\/agora.xtec.cat\/ceip-catalunya-sabadell\/wp-json\/wp\/v2\/posts\/4456","targetHints":{"allow":["GET"]}}],"collection":[{"href":"https:\/\/agora.xtec.cat\/ceip-catalunya-sabadell\/wp-json\/wp\/v2\/posts"}],"about":[{"href":"https:\/\/agora.xtec.cat\/ceip-catalunya-sabadell\/wp-json\/wp\/v2\/types\/post"}],"author":[{"embeddable":true,"href":"https:\/\/agora.xtec.cat\/ceip-catalunya-sabadell\/wp-json\/wp\/v2\/users\/3"}],"replies":[{"embeddable":true,"href":"https:\/\/agora.xtec.cat\/ceip-catalunya-sabadell\/wp-json\/wp\/v2\/comments?post=4456"}],"version-history":[{"count":2,"href":"https:\/\/agora.xtec.cat\/ceip-catalunya-sabadell\/wp-json\/wp\/v2\/posts\/4456\/revisions"}],"predecessor-version":[{"id":4458,"href":"https:\/\/agora.xtec.cat\/ceip-catalunya-sabadell\/wp-json\/wp\/v2\/posts\/4456\/revisions\/4458"}],"wp:featuredmedia":[{"embeddable":true,"href":"https:\/\/agora.xtec.cat\/ceip-catalunya-sabadell\/wp-json\/wp\/v2\/media\/4444"}],"wp:attachment":[{"href":"https:\/\/agora.xtec.cat\/ceip-catalunya-sabadell\/wp-json\/wp\/v2\/media?parent=4456"}],"wp:term":[{"taxonomy":"category","embeddable":true,"href":"https:\/\/agora.xtec.cat\/ceip-catalunya-sabadell\/wp-json\/wp\/v2\/categories?post=4456"},{"taxonomy":"post_tag","embeddable":true,"href":"https:\/\/agora.xtec.cat\/ceip-catalunya-sabadell\/wp-json\/wp\/v2\/tags?post=4456"}],"curies":[{"name":"wp","href":"https:\/\/api.w.org\/{rel}","templated":true}]}}