{"id":4448,"date":"2022-03-01T10:19:29","date_gmt":"2022-03-01T09:19:29","guid":{"rendered":"https:\/\/agora.xtec.cat\/ceip-catalunya-sabadell\/?p=4448"},"modified":"2022-03-29T13:16:23","modified_gmt":"2022-03-29T11:16:23","slug":"preinscripcio-2022-2023","status":"publish","type":"post","link":"https:\/\/agora.xtec.cat\/ceip-catalunya-sabadell\/portada\/preinscripcio-2022-2023\/","title":{"rendered":"PREINSCRIPCI\u00d3 2022-2023"},"content":{"rendered":"<p>Benvolgudes fam\u00edlies,<\/p>\n<p>us deixem enlla\u00e7os d&#8217;inter\u00e8s pel que fa a la <strong>preinscripci\u00f3<\/strong> del curs vinent:<\/p>\n<p><a href=\"https:\/\/preinscripcio.gencat.cat\/ca\/inici\/\">Web del Departament amb informaci\u00f3 sobre la preinscripci\u00f3<\/a><\/p>\n<p><a href=\"https:\/\/educacio.gencat.cat\/ca\/inici\/nota-premsa\/20220125-puntuacio-preinscripcio\">Novetats en el sistema de puntuaci\u00f3\u00a0<\/a><\/p>\n<p><a href=\"https:\/\/web.sabadell.cat\/cercador-educacio-infantil-i-primaria\/index.php?option=com_content&amp;view=article&amp;layout=edit&amp;id=56276\">Cercador centres amb puntuaci\u00f3 per proximitat\u00a0<\/a><\/p>\n<p><a href=\"https:\/\/educacio.gencat.cat\/ca\/departament\/publicacions\/butlletins\/infoescola\/butlleti-29\/index.html\">Butllet\u00ed Infoescola<\/a><\/p>\n<p><img loading=\"lazy\" decoding=\"async\" class=\"alignnone wp-image-4460\" src=\"https:\/\/agora.xtec.cat\/ceip-catalunya-sabadell\/wp-content\/uploads\/usu823\/2022\/03\/NOVETAT-150x150.png\" alt=\"\" width=\"50\" height=\"50\" srcset=\"https:\/\/agora.xtec.cat\/ceip-catalunya-sabadell\/wp-content\/uploads\/usu823\/2022\/03\/NOVETAT-150x150.png 150w, https:\/\/agora.xtec.cat\/ceip-catalunya-sabadell\/wp-content\/uploads\/usu823\/2022\/03\/NOVETAT.png 227w\" sizes=\"auto, (max-width: 50px) 100vw, 50px\" \/><a href=\"https:\/\/drive.google.com\/file\/d\/1E4ZxNmBxBX9Bn4UYq4gk1sXsXkFKCC1G\/view?usp=sharing\">OFERTA INICIAL PLACES CURS 22-23<\/a><\/p>\n<p>El nostre codi de centre \u00e9s <strong>08038582<\/strong><\/p>\n","protected":false},"excerpt":{"rendered":"<p>Benvolgudes fam\u00edlies,<br \/>\nus deixem enlla\u00e7os d&#8217;inter\u00e8s pel que fa a la preinscripci\u00f3 del curs vinent:<br \/>\n<a href=\"https:\/\/preinscripcio.gencat.cat\/ca\/inici\/\">Web del Departament amb informaci\u00f3 sobre la preinscripci\u00f3<\/a><br \/>\n<a href=\"https:\/\/educacio.gencat.cat\/ca\/inici\/nota-premsa\/20220125-puntuacio-preinscripcio\">Novetats en el sistema de puntuaci\u00f3\u00a0<\/a><br \/>\n<a href=\"https:\/\/web.sabadell.cat\/cercador-educacio-infantil-i-primaria\/index.php?option=com_content&amp;view=article&amp;layout=edit&amp;id=56276\">Cercador centres amb puntuaci\u00f3 per proximitat\u00a0<\/a><br \/>\n<a href=\"https:\/\/educacio.gencat.cat\/ca\/departament\/publicacions\/butlletins\/infoescola\/butlleti-29\/index.html\">Butllet\u00ed Infoescola<\/a><br \/>\n<a href=\"https:\/\/drive.google.com\/file\/d\/1E4ZxNmBxBX9Bn4UYq4gk1sXsXkFKCC1G\/view?usp=sharing\">OFERTA INICIAL PLACES CURS 22-23<\/a><br \/>\nEl nostre codi de centre&hellip;  <a href=\"https:\/\/agora.xtec.cat\/ceip-catalunya-sabadell\/portada\/preinscripcio-2022-2023\/\" title=\"Read PREINSCRIPCI\u00d3 2022-2023\">Llegeix m\u00e9s\u00bb<\/a><\/p>\n","protected":false},"author":3,"featured_media":4449,"comment_status":"open","ping_status":"closed","sticky":false,"template":"","format":"standard","meta":{"_bbp_topic_count":0,"_bbp_reply_count":0,"_bbp_total_topic_count":0,"_bbp_total_reply_count":0,"_bbp_voice_count":0,"_bbp_anonymous_reply_count":0,"_bbp_topic_count_hidden":0,"_bbp_reply_count_hidden":0,"_bbp_forum_subforum_count":0,"footnotes":""},"categories":[4,123],"tags":[],"class_list":["post-4448","post","type-post","status-publish","format-standard","has-post-thumbnail","hentry","category-portada","category-preinscripcio-i-matricula"],"post_mailing_queue_ids":[],"_links":{"self":[{"href":"https:\/\/agora.xtec.cat\/ceip-catalunya-sabadell\/wp-json\/wp\/v2\/posts\/4448","targetHints":{"allow":["GET"]}}],"collection":[{"href":"https:\/\/agora.xtec.cat\/ceip-catalunya-sabadell\/wp-json\/wp\/v2\/posts"}],"about":[{"href":"https:\/\/agora.xtec.cat\/ceip-catalunya-sabadell\/wp-json\/wp\/v2\/types\/post"}],"author":[{"embeddable":true,"href":"https:\/\/agora.xtec.cat\/ceip-catalunya-sabadell\/wp-json\/wp\/v2\/users\/3"}],"replies":[{"embeddable":true,"href":"https:\/\/agora.xtec.cat\/ceip-catalunya-sabadell\/wp-json\/wp\/v2\/comments?post=4448"}],"version-history":[{"count":4,"href":"https:\/\/agora.xtec.cat\/ceip-catalunya-sabadell\/wp-json\/wp\/v2\/posts\/4448\/revisions"}],"predecessor-version":[{"id":4464,"href":"https:\/\/agora.xtec.cat\/ceip-catalunya-sabadell\/wp-json\/wp\/v2\/posts\/4448\/revisions\/4464"}],"wp:featuredmedia":[{"embeddable":true,"href":"https:\/\/agora.xtec.cat\/ceip-catalunya-sabadell\/wp-json\/wp\/v2\/media\/4449"}],"wp:attachment":[{"href":"https:\/\/agora.xtec.cat\/ceip-catalunya-sabadell\/wp-json\/wp\/v2\/media?parent=4448"}],"wp:term":[{"taxonomy":"category","embeddable":true,"href":"https:\/\/agora.xtec.cat\/ceip-catalunya-sabadell\/wp-json\/wp\/v2\/categories?post=4448"},{"taxonomy":"post_tag","embeddable":true,"href":"https:\/\/agora.xtec.cat\/ceip-catalunya-sabadell\/wp-json\/wp\/v2\/tags?post=4448"}],"curies":[{"name":"wp","href":"https:\/\/api.w.org\/{rel}","templated":true}]}}