{"id":4443,"date":"2022-02-22T16:59:16","date_gmt":"2022-02-22T15:59:16","guid":{"rendered":"https:\/\/agora.xtec.cat\/ceip-catalunya-sabadell\/?p=4443"},"modified":"2022-02-22T16:59:58","modified_gmt":"2022-02-22T15:59:58","slug":"comenca-la-setmana-de-la-disbauxa","status":"publish","type":"post","link":"https:\/\/agora.xtec.cat\/ceip-catalunya-sabadell\/portada\/comenca-la-setmana-de-la-disbauxa\/","title":{"rendered":"Comen\u00e7a la setmana de la disbauxa!!!"},"content":{"rendered":"<p>Aqu\u00ed tenim el preg\u00f3 del REI CARNESTOLTES, llegiu atentament i no us despisteu de les consignes! VISCA EL CARNAVAL!<\/p>\n<p>&nbsp;<\/p>\n<p><strong><u>PREG\u00d3 2022<\/u><\/strong><\/p>\n<p><strong><u>\u00a0<\/u><\/strong><\/p>\n<p>Bona tarda rei Carnestoltes,<br \/>\nel m\u00e9s estimat pels poca-soltes.<br \/>\nCom t\u2019hem trobat a faltar,<br \/>\ni ni la COVID t\u2019ha pogut aturar.<\/p>\n<p>Amb la teva arribada tan esperada,<br \/>\nsabem que a l\u2019Escola Catalunya hi ha gresca assegurada!!!<\/p>\n<p>Carnestoltes, voleu que us presentem a tota la colla?<br \/>\nDoncs escolta amb atenci\u00f3 que tot just comen\u00e7a aquest preg\u00f3.<\/p>\n<p>Els m\u00e9s petitons, mireu que s\u00f3n bufons:<br \/>\nles ovelles, les conilletes i conillets, els pirates, els monstres, els mags i les bruixes i els bruixots,<br \/>\ntots ells fan l\u2019equip d\u2019educaci\u00f3 infantil,<br \/>\ni amb ells no pots tenir ni un dia tranquil.<\/p>\n<p>Les seves mestres moltes hist\u00f2ries els hi expliquen<br \/>\ni contes i pocions fabriquen.<br \/>\nQuina sort poder-les tenir i amb elles gaudir.<\/p>\n<p>A cicle inicial, tot s\u2019hi val.<br \/>\ncomencen a llegir i escriure com cal.<br \/>\nSumes i restes faran<br \/>\ni d\u2019elles no s\u2019escaparan.<\/p>\n<p>La classe dels experiments i la terra, les titelles faran<br \/>\ni un bon espectacle ens presentaran.<br \/>\nEls investigadors i les investigadores, juntament amb els dinosaures, el temps observaran<br \/>\ni uns bons meteor\u00f2legs seran.<\/p>\n<p>Sort que les mestres tenen molta energia<br \/>\ni arriben a tot cada dia.<\/p>\n<p>I atenci\u00f3 que arriba el cicle mitj\u00e0<br \/>\nno poden parar de treballar: l\u2019agenda, els ex\u00e0mens, els guions d\u2019estudis. Quantes coses!!! El cap els hi explotar\u00e0.<\/p>\n<p>La classe del mar, conjuntament amb els el\u00e8ctrics i el\u00e8ctriques, faran l\u2019espectacle de l\u2019art i poesia,<br \/>\nmare meva&#8230; Quina bogeria!!!<br \/>\nSort que les mestres s\u00f3n experimentades i de paci\u00e8ncia estan carregades.<\/p>\n<p>Si un bon telenot\u00edcies voleu observar,<br \/>\nels graffitis i els hakers, ens ho poden preparar.<br \/>\nPerqu\u00e8 dominen la tecnologia<br \/>\ni les mestres d\u2019ells aprenen dia a dia.<\/p>\n<p>I ja nom\u00e9s queden els m\u00e9s grans,<br \/>\naquells que s\u2019han menjat m\u00e9s entrepans.<br \/>\nS\u00f3n els del cicle superior,<br \/>\nja els coneixeu pel seu furor.<\/p>\n<p>Les gominoles mutants i la classe del f\u00e8nix de foc<br \/>\nens faran un bon musical i ballaran com cal.<br \/>\nIgual que els mes gan\u00e0pies de sis\u00e8, que no tenen fre.<\/p>\n<p>La classe de petits a grans i el flow de 6\u00e8, els pastorets han representat i a tots ens han agradat.<br \/>\nI quina sort que a Cala Montjoi anireu i all\u00e0 de la platja gaudireu.<br \/>\nPer\u00f2 abans la Cant\u00e0nia caldr\u00e0 assajar, per poder-ho celebrar.<\/p>\n<p>Apa mestres, que ja queda poc<br \/>\ni les vacances ens queden a prop!!!!<\/p>\n<p>Les metres especialistes ens donen moltes pistes.<br \/>\nA educaci\u00f3 f\u00edsica, m\u00fasica i angl\u00e8s,<br \/>\nCom molen&#8230;. Oh yes!<\/p>\n<p>I no ens oblidem de l\u2019equip SIAL, que ens ajuden com cal, tenim molta sort tenint el seu suport.<\/p>\n<p>I saps qui dirigeix el tim\u00f3?<br \/>\nDoncs est\u00e0 ben clar! L\u2019equip directiu amb il\u00b7lusi\u00f3.<br \/>\nLa Cris, \u00a0la M.Carme i la N\u00faria s\u2019entenen molt b\u00e9 i es discuteixen tamb\u00e9.<\/p>\n<p>Sort de l\u2019ajuda de la M\u00aa Ant\u00f2nia,<br \/>\nque es mereix una bona maced\u00f2nia.<br \/>\nMasses mascaretes li demanem<br \/>\nfins que les reserves esgotem.<\/p>\n<p>L\u2019Isidre, ens ho arregla tot<br \/>\ni ens saluda per sobre de de tot.<\/p>\n<p>Tamb\u00e9 ens fa molta il\u00b7lusi\u00f3 , comptar amb les monitores de menjador i la s\u00faper cuinera \u00a0que \u00a0amb dedicaci\u00f3, ens prepara els plats amb molta passi\u00f3.<\/p>\n<p>I qu\u00e8 en dieu de la biblioteca que xula ha quedat!! Moltes gr\u00e0cies Cl\u00e0udia, ens ha ben agradat!<\/p>\n<p>I ara atenci\u00f3 &#8230;escolteu b\u00e9 que venen\u00a0 les consignes:<\/p>\n<p>Dem\u00e0 dimarts, ben gran et far\u00e0s i la roba dels teus pares portar\u00e0s!<\/p>\n<p>Dimecres, vestit d\u2019algun esport arribar\u00e0s i apa que no riur\u00e0s!<\/p>\n<p>Dijous un pentinat original portar\u00e0s i un esmorzar propi de Dijous Gras!<\/p>\n<p>I divendres al mat\u00ed disfressat vindr\u00e0s i a la tarda de Carnaval ballar\u00e0s!<\/p>\n<p>I abans d\u2019acabar, una prim\u00edcia t\u2019hem de donar:<br \/>\nAquest any, l\u2019escola 40 anys fa<br \/>\ni t\u2019assegurem que aix\u00f2 s\u2019ha de celebrar.<\/p>\n<p><strong>Doncs vinga, que comenci la festa!!!! \u00a0Endavant Carnaval, i a partir d\u2019ara, TOT S\u2019HI VAL!!!!!\u00a0<\/strong><\/p>\n<p>&nbsp;<\/p>\n<p style=\"text-align: center\">(cliqueu a la imatge i veureu els v\u00eddeos de l&#8217;arribada del Carnestoltes)<\/p>\n<p><a href=\"https:\/\/drive.google.com\/drive\/folders\/10kEuNXv_UATSAce-4TXL8p4OGqRvbqWi?usp=sharing\"><img loading=\"lazy\" decoding=\"async\" class=\"size-medium wp-image-4444 aligncenter\" src=\"https:\/\/agora.xtec.cat\/ceip-catalunya-sabadell\/wp-content\/uploads\/usu823\/2022\/02\/IMG_0719-300x214.jpg\" alt=\"\" width=\"300\" height=\"214\" srcset=\"https:\/\/agora.xtec.cat\/ceip-catalunya-sabadell\/wp-content\/uploads\/usu823\/2022\/02\/IMG_0719-300x214.jpg 300w, https:\/\/agora.xtec.cat\/ceip-catalunya-sabadell\/wp-content\/uploads\/usu823\/2022\/02\/IMG_0719-1024x731.jpg 1024w, https:\/\/agora.xtec.cat\/ceip-catalunya-sabadell\/wp-content\/uploads\/usu823\/2022\/02\/IMG_0719-768x548.jpg 768w, https:\/\/agora.xtec.cat\/ceip-catalunya-sabadell\/wp-content\/uploads\/usu823\/2022\/02\/IMG_0719-1536x1096.jpg 1536w, https:\/\/agora.xtec.cat\/ceip-catalunya-sabadell\/wp-content\/uploads\/usu823\/2022\/02\/IMG_0719.jpg 1920w\" sizes=\"auto, (max-width: 300px) 100vw, 300px\" \/><\/a><\/p>\n","protected":false},"excerpt":{"rendered":"<p>Aqu\u00ed tenim el preg\u00f3 del REI CARNESTOLTES, llegiu atentament i no us despisteu de les consignes! VISCA EL CARNAVAL!<br \/>\n&nbsp;<br \/>\nPREG\u00d3 2022<br \/>\n\u00a0<br \/>\nBona tarda rei Carnestoltes,<br \/>\nel m\u00e9s estimat pels poca-soltes.<br \/>\nCom t\u2019hem trobat a faltar,<br \/>\ni ni la COVID t\u2019ha pogut aturar.<br \/>\nAmb la teva arribada tan esperada,<br \/>\nsabem que a l\u2019Escola&hellip;  <a href=\"https:\/\/agora.xtec.cat\/ceip-catalunya-sabadell\/portada\/comenca-la-setmana-de-la-disbauxa\/\" title=\"Read Comen\u00e7a la setmana de la disbauxa!!!\">Llegeix m\u00e9s\u00bb<\/a><\/p>\n","protected":false},"author":22,"featured_media":4444,"comment_status":"open","ping_status":"closed","sticky":false,"template":"","format":"standard","meta":{"_bbp_topic_count":0,"_bbp_reply_count":0,"_bbp_total_topic_count":0,"_bbp_total_reply_count":0,"_bbp_voice_count":0,"_bbp_anonymous_reply_count":0,"_bbp_topic_count_hidden":0,"_bbp_reply_count_hidden":0,"_bbp_forum_subforum_count":0,"footnotes":""},"categories":[4],"tags":[],"class_list":["post-4443","post","type-post","status-publish","format-standard","has-post-thumbnail","hentry","category-portada"],"post_mailing_queue_ids":[],"_links":{"self":[{"href":"https:\/\/agora.xtec.cat\/ceip-catalunya-sabadell\/wp-json\/wp\/v2\/posts\/4443","targetHints":{"allow":["GET"]}}],"collection":[{"href":"https:\/\/agora.xtec.cat\/ceip-catalunya-sabadell\/wp-json\/wp\/v2\/posts"}],"about":[{"href":"https:\/\/agora.xtec.cat\/ceip-catalunya-sabadell\/wp-json\/wp\/v2\/types\/post"}],"author":[{"embeddable":true,"href":"https:\/\/agora.xtec.cat\/ceip-catalunya-sabadell\/wp-json\/wp\/v2\/users\/22"}],"replies":[{"embeddable":true,"href":"https:\/\/agora.xtec.cat\/ceip-catalunya-sabadell\/wp-json\/wp\/v2\/comments?post=4443"}],"version-history":[{"count":3,"href":"https:\/\/agora.xtec.cat\/ceip-catalunya-sabadell\/wp-json\/wp\/v2\/posts\/4443\/revisions"}],"predecessor-version":[{"id":4447,"href":"https:\/\/agora.xtec.cat\/ceip-catalunya-sabadell\/wp-json\/wp\/v2\/posts\/4443\/revisions\/4447"}],"wp:featuredmedia":[{"embeddable":true,"href":"https:\/\/agora.xtec.cat\/ceip-catalunya-sabadell\/wp-json\/wp\/v2\/media\/4444"}],"wp:attachment":[{"href":"https:\/\/agora.xtec.cat\/ceip-catalunya-sabadell\/wp-json\/wp\/v2\/media?parent=4443"}],"wp:term":[{"taxonomy":"category","embeddable":true,"href":"https:\/\/agora.xtec.cat\/ceip-catalunya-sabadell\/wp-json\/wp\/v2\/categories?post=4443"},{"taxonomy":"post_tag","embeddable":true,"href":"https:\/\/agora.xtec.cat\/ceip-catalunya-sabadell\/wp-json\/wp\/v2\/tags?post=4443"}],"curies":[{"name":"wp","href":"https:\/\/api.w.org\/{rel}","templated":true}]}}