{"id":4429,"date":"2022-02-11T14:45:06","date_gmt":"2022-02-11T13:45:06","guid":{"rendered":"https:\/\/agora.xtec.cat\/ceip-catalunya-sabadell\/?p=4429"},"modified":"2022-02-11T14:45:06","modified_gmt":"2022-02-11T13:45:06","slug":"11-de-febrer-dia-de-la-dona-i-la-nena-cientifica","status":"publish","type":"post","link":"https:\/\/agora.xtec.cat\/ceip-catalunya-sabadell\/general\/11-de-febrer-dia-de-la-dona-i-la-nena-cientifica\/","title":{"rendered":"11 de febrer: DIA DE LA DONA I LA NENA CIENT\u00cdFICA"},"content":{"rendered":"<p>Avui \u00e9s un dia molt important! Celebrem el reconeixement a les dones cient\u00edfiques, \u00e9s el Dia Internacional de la Dona i la Nena en la Ci\u00e8ncia.<\/p>\n<p>Des de l&#8217;escola hem dedicat temps a fer una reflexi\u00f3 sobre aquest dia, ens hem aturat a valorar el llarg cam\u00ed que s&#8217;est\u00e0 fent per moltes dones que, amb els seu treball i esfor\u00e7, han aconseguit grans objectius i que, de vegades, no han tingut el reconeixement que calia. Volem encoratjar a totes les persones\u00a0 a valorar els m\u00e8rits i reptes aconseguits per les cient\u00edfiques, recordant una frase d&#8217;Hip\u00e0tia d&#8217;Alexandria, la primera dona de la hist\u00f2ria reconeguda com a matem\u00e0tica: \u201cConserva gelosament el teu dret a pensar perqu\u00e8 incl\u00fas el fet de pensar err\u00f2niament es millor que no pensar \u201d<\/p>\n<p><a href=\"https:\/\/drive.google.com\/file\/d\/1jvYstG_xrmkaeKAHOJ-hR4mlJHz0aS91\/view?usp=sharing\"><img loading=\"lazy\" decoding=\"async\" class=\"aligncenter\" src=\"https:\/\/www.detrasdelcristal.com\/wp-content\/uploads\/2022\/02\/Depositphotos_hipatia.jpg\" alt=\"Hipatia de Alejandr\u00eda: Biografia y 15 Datos Importantes\" width=\"231\" height=\"239\" \/><\/a><\/p>\n<p style=\"text-align: center\">(si cliqueu a la imatge podreu veure el treball que ha fet l&#8217;alumnat de 3r per commemorar aquest dia!)<\/p>\n<p>&nbsp;<\/p>\n<p>&nbsp;<\/p>\n<p>&nbsp;<\/p>\n<p>&nbsp;<\/p>\n<p>&nbsp;<\/p>\n","protected":false},"excerpt":{"rendered":"<p>Avui \u00e9s un dia molt important! Celebrem el reconeixement a les dones cient\u00edfiques, \u00e9s el Dia Internacional de la Dona i la Nena en la Ci\u00e8ncia.<br \/>\nDes de l&#8217;escola hem dedicat temps a fer una reflexi\u00f3 sobre aquest dia, ens hem aturat a valorar el llarg&hellip;  <a href=\"https:\/\/agora.xtec.cat\/ceip-catalunya-sabadell\/general\/11-de-febrer-dia-de-la-dona-i-la-nena-cientifica\/\" title=\"Read 11 de febrer: DIA DE LA DONA I LA NENA CIENT\u00cdFICA\">Llegeix m\u00e9s\u00bb<\/a><\/p>\n","protected":false},"author":22,"featured_media":0,"comment_status":"open","ping_status":"closed","sticky":false,"template":"","format":"standard","meta":{"_bbp_topic_count":0,"_bbp_reply_count":0,"_bbp_total_topic_count":0,"_bbp_total_reply_count":0,"_bbp_voice_count":0,"_bbp_anonymous_reply_count":0,"_bbp_topic_count_hidden":0,"_bbp_reply_count_hidden":0,"_bbp_forum_subforum_count":0,"footnotes":""},"categories":[1,4],"tags":[],"class_list":["post-4429","post","type-post","status-publish","format-standard","hentry","category-general","category-portada"],"post_mailing_queue_ids":[],"_links":{"self":[{"href":"https:\/\/agora.xtec.cat\/ceip-catalunya-sabadell\/wp-json\/wp\/v2\/posts\/4429","targetHints":{"allow":["GET"]}}],"collection":[{"href":"https:\/\/agora.xtec.cat\/ceip-catalunya-sabadell\/wp-json\/wp\/v2\/posts"}],"about":[{"href":"https:\/\/agora.xtec.cat\/ceip-catalunya-sabadell\/wp-json\/wp\/v2\/types\/post"}],"author":[{"embeddable":true,"href":"https:\/\/agora.xtec.cat\/ceip-catalunya-sabadell\/wp-json\/wp\/v2\/users\/22"}],"replies":[{"embeddable":true,"href":"https:\/\/agora.xtec.cat\/ceip-catalunya-sabadell\/wp-json\/wp\/v2\/comments?post=4429"}],"version-history":[{"count":2,"href":"https:\/\/agora.xtec.cat\/ceip-catalunya-sabadell\/wp-json\/wp\/v2\/posts\/4429\/revisions"}],"predecessor-version":[{"id":4431,"href":"https:\/\/agora.xtec.cat\/ceip-catalunya-sabadell\/wp-json\/wp\/v2\/posts\/4429\/revisions\/4431"}],"wp:attachment":[{"href":"https:\/\/agora.xtec.cat\/ceip-catalunya-sabadell\/wp-json\/wp\/v2\/media?parent=4429"}],"wp:term":[{"taxonomy":"category","embeddable":true,"href":"https:\/\/agora.xtec.cat\/ceip-catalunya-sabadell\/wp-json\/wp\/v2\/categories?post=4429"},{"taxonomy":"post_tag","embeddable":true,"href":"https:\/\/agora.xtec.cat\/ceip-catalunya-sabadell\/wp-json\/wp\/v2\/tags?post=4429"}],"curies":[{"name":"wp","href":"https:\/\/api.w.org\/{rel}","templated":true}]}}