{"id":4416,"date":"2022-01-31T16:24:25","date_gmt":"2022-01-31T15:24:25","guid":{"rendered":"https:\/\/agora.xtec.cat\/ceip-catalunya-sabadell\/?p=4416"},"modified":"2022-03-29T13:16:38","modified_gmt":"2022-03-29T11:16:38","slug":"portes-obertes-22-23","status":"publish","type":"post","link":"https:\/\/agora.xtec.cat\/ceip-catalunya-sabadell\/general\/portes-obertes-22-23\/","title":{"rendered":"PORTES OBERTES 22-23"},"content":{"rendered":"<p>Benvolgudes fam\u00edlies,<\/p>\n<p>Clicant la imatge que teniu a sota, podreu con\u00e8ixer-nos una mica millor a trav\u00e9s de les diapositives i v\u00eddeos que us hem preparat.<\/p>\n<p><a href=\"https:\/\/drive.google.com\/file\/d\/1KqNEye1ZpmMFmfmMFqpHXRA3pS3YplIK\/view?usp=sharing\"><img loading=\"lazy\" decoding=\"async\" class=\"alignnone wp-image-4417\" src=\"https:\/\/agora.xtec.cat\/ceip-catalunya-sabadell\/wp-content\/uploads\/usu823\/2022\/01\/PORTES-OBERTES-300x170.png\" alt=\"\" width=\"500\" height=\"283\" srcset=\"https:\/\/agora.xtec.cat\/ceip-catalunya-sabadell\/wp-content\/uploads\/usu823\/2022\/01\/PORTES-OBERTES-300x170.png 300w, https:\/\/agora.xtec.cat\/ceip-catalunya-sabadell\/wp-content\/uploads\/usu823\/2022\/01\/PORTES-OBERTES-1024x579.png 1024w, https:\/\/agora.xtec.cat\/ceip-catalunya-sabadell\/wp-content\/uploads\/usu823\/2022\/01\/PORTES-OBERTES-768x434.png 768w, https:\/\/agora.xtec.cat\/ceip-catalunya-sabadell\/wp-content\/uploads\/usu823\/2022\/01\/PORTES-OBERTES.png 1201w\" sizes=\"auto, (max-width: 500px) 100vw, 500px\" \/><\/a><\/p>\n<p><iframe loading=\"lazy\" src=\"\/\/www.youtube.com\/embed\/zDinlKkQ1r8\" width=\"560\" height=\"314\" allowfullscreen=\"allowfullscreen\"><\/iframe><\/p>\n<p><a href=\"https:\/\/drive.google.com\/file\/d\/111sPp0zCtFg6llouANy9YTwA9cwqHMdr\/view?usp=sharing\"><img loading=\"lazy\" decoding=\"async\" class=\"alignnone wp-image-4418\" src=\"https:\/\/agora.xtec.cat\/ceip-catalunya-sabadell\/wp-content\/uploads\/usu823\/2022\/01\/Sense-titol-1024x575-1-300x168.png\" alt=\"\" width=\"500\" height=\"281\" srcset=\"https:\/\/agora.xtec.cat\/ceip-catalunya-sabadell\/wp-content\/uploads\/usu823\/2022\/01\/Sense-titol-1024x575-1-300x168.png 300w, https:\/\/agora.xtec.cat\/ceip-catalunya-sabadell\/wp-content\/uploads\/usu823\/2022\/01\/Sense-titol-1024x575-1-768x431.png 768w, https:\/\/agora.xtec.cat\/ceip-catalunya-sabadell\/wp-content\/uploads\/usu823\/2022\/01\/Sense-titol-1024x575-1.png 1024w\" sizes=\"auto, (max-width: 500px) 100vw, 500px\" \/><\/a><\/p>\n<p>Si us queden dubtes, el proper <strong>dimarts dia 15 de febrer a les 15.15h i el dimecres 16 de febrer a les 10h<\/strong>, farem una <strong>trobada virtual<\/strong> per a resoldre dubtes i aclariments.<\/p>\n<p>Per accedir a la reuni\u00f3 virtual, cliqueu aqu\u00ed:<\/p>\n<ul>\n<li>15 de febrer 15.15h\u00a0 PORTES OBERTES VIRTUALS\n<ul>\n<li>Enlla\u00e7 de la videotrucada: <a href=\"https:\/\/meet.google.com\/rgh-spmn\">https:\/\/meet.google.com\/rgh-spmn<\/a><\/li>\n<\/ul>\n<\/li>\n<li>16 de febrer 10h PORTES OBERTES VIRTUALS\n<ul>\n<li>Enlla\u00e7 de la videotrucada: <a href=\"https:\/\/meet.google.com\/thy-mzub-cyb\">https:\/\/meet.google.com\/thy-mzub-cyb<\/a><\/li>\n<\/ul>\n<\/li>\n<\/ul>\n<p>Si voleu visitar les nostres instal\u00b7lacions i con\u00e8ixer el nostre projecte de primera m\u00e0, ho podreu fer els seg\u00fcents dies en grups redu\u00efts:<\/p>\n<ul>\n<li>22 de febrer a les 17h<\/li>\n<li>23 de febrer a les 17h<\/li>\n<\/ul>\n<h4>Es prega concertar <strong>cita pr\u00e8via trucant al tel\u00e8fon 937269392<\/strong> per poder assistir a la visita guiada de l&#8217;escola. Per raons d&#8217;aforament, si no s&#8217;ha demanat cita pr\u00e8via, no es permetr\u00e0 l&#8217;entrada.<\/h4>\n<p>Us hi esperem!!!<\/p>\n<p>Equip directiu<\/p>\n<p><img loading=\"lazy\" decoding=\"async\" class=\"alignnone size-large wp-image-4424\" src=\"https:\/\/agora.xtec.cat\/ceip-catalunya-sabadell\/wp-content\/uploads\/usu823\/2022\/01\/cartell-xerrada-P3_page-0001-724x1024.jpg\" alt=\"\" width=\"724\" height=\"1024\" srcset=\"https:\/\/agora.xtec.cat\/ceip-catalunya-sabadell\/wp-content\/uploads\/usu823\/2022\/01\/cartell-xerrada-P3_page-0001-724x1024.jpg 724w, https:\/\/agora.xtec.cat\/ceip-catalunya-sabadell\/wp-content\/uploads\/usu823\/2022\/01\/cartell-xerrada-P3_page-0001-212x300.jpg 212w, https:\/\/agora.xtec.cat\/ceip-catalunya-sabadell\/wp-content\/uploads\/usu823\/2022\/01\/cartell-xerrada-P3_page-0001-768x1086.jpg 768w, https:\/\/agora.xtec.cat\/ceip-catalunya-sabadell\/wp-content\/uploads\/usu823\/2022\/01\/cartell-xerrada-P3_page-0001-1086x1536.jpg 1086w, https:\/\/agora.xtec.cat\/ceip-catalunya-sabadell\/wp-content\/uploads\/usu823\/2022\/01\/cartell-xerrada-P3_page-0001-1448x2048.jpg 1448w, https:\/\/agora.xtec.cat\/ceip-catalunya-sabadell\/wp-content\/uploads\/usu823\/2022\/01\/cartell-xerrada-P3_page-0001.jpg 1754w\" sizes=\"auto, (max-width: 724px) 100vw, 724px\" \/><\/p>\n<p><img loading=\"lazy\" decoding=\"async\" class=\"alignnone size-large wp-image-4423\" src=\"https:\/\/agora.xtec.cat\/ceip-catalunya-sabadell\/wp-content\/uploads\/usu823\/2022\/01\/cartell-xerrada-ESO_page-0001-724x1024.jpg\" alt=\"\" width=\"724\" height=\"1024\" srcset=\"https:\/\/agora.xtec.cat\/ceip-catalunya-sabadell\/wp-content\/uploads\/usu823\/2022\/01\/cartell-xerrada-ESO_page-0001-724x1024.jpg 724w, https:\/\/agora.xtec.cat\/ceip-catalunya-sabadell\/wp-content\/uploads\/usu823\/2022\/01\/cartell-xerrada-ESO_page-0001-212x300.jpg 212w, https:\/\/agora.xtec.cat\/ceip-catalunya-sabadell\/wp-content\/uploads\/usu823\/2022\/01\/cartell-xerrada-ESO_page-0001-768x1086.jpg 768w, https:\/\/agora.xtec.cat\/ceip-catalunya-sabadell\/wp-content\/uploads\/usu823\/2022\/01\/cartell-xerrada-ESO_page-0001-1086x1536.jpg 1086w, https:\/\/agora.xtec.cat\/ceip-catalunya-sabadell\/wp-content\/uploads\/usu823\/2022\/01\/cartell-xerrada-ESO_page-0001-1448x2048.jpg 1448w, https:\/\/agora.xtec.cat\/ceip-catalunya-sabadell\/wp-content\/uploads\/usu823\/2022\/01\/cartell-xerrada-ESO_page-0001.jpg 1754w\" sizes=\"auto, (max-width: 724px) 100vw, 724px\" \/><\/p>\n<p>&nbsp;<\/p>\n","protected":false},"excerpt":{"rendered":"<p>Benvolgudes fam\u00edlies,<br \/>\nClicant la imatge que teniu a sota, podreu con\u00e8ixer-nos una mica millor a trav\u00e9s de les diapositives i v\u00eddeos que us hem preparat.<br \/>\n<a href=\"https:\/\/drive.google.com\/file\/d\/1KqNEye1ZpmMFmfmMFqpHXRA3pS3YplIK\/view?usp=sharing\"><\/a><\/p>\n<p><a href=\"https:\/\/drive.google.com\/file\/d\/111sPp0zCtFg6llouANy9YTwA9cwqHMdr\/view?usp=sharing\"><\/a><br \/>\nSi us queden dubtes, el proper dimarts dia 15 de febrer a les 15.15h i el dimecres 16 de febrer&hellip;  <a href=\"https:\/\/agora.xtec.cat\/ceip-catalunya-sabadell\/general\/portes-obertes-22-23\/\" title=\"Read PORTES OBERTES 22-23\">Llegeix m\u00e9s\u00bb<\/a><\/p>\n","protected":false},"author":3,"featured_media":4417,"comment_status":"open","ping_status":"closed","sticky":false,"template":"","format":"standard","meta":{"_bbp_topic_count":0,"_bbp_reply_count":0,"_bbp_total_topic_count":0,"_bbp_total_reply_count":0,"_bbp_voice_count":0,"_bbp_anonymous_reply_count":0,"_bbp_topic_count_hidden":0,"_bbp_reply_count_hidden":0,"_bbp_forum_subforum_count":0,"footnotes":""},"categories":[1,4,123],"tags":[],"class_list":["post-4416","post","type-post","status-publish","format-standard","has-post-thumbnail","hentry","category-general","category-portada","category-preinscripcio-i-matricula"],"post_mailing_queue_ids":[],"_links":{"self":[{"href":"https:\/\/agora.xtec.cat\/ceip-catalunya-sabadell\/wp-json\/wp\/v2\/posts\/4416","targetHints":{"allow":["GET"]}}],"collection":[{"href":"https:\/\/agora.xtec.cat\/ceip-catalunya-sabadell\/wp-json\/wp\/v2\/posts"}],"about":[{"href":"https:\/\/agora.xtec.cat\/ceip-catalunya-sabadell\/wp-json\/wp\/v2\/types\/post"}],"author":[{"embeddable":true,"href":"https:\/\/agora.xtec.cat\/ceip-catalunya-sabadell\/wp-json\/wp\/v2\/users\/3"}],"replies":[{"embeddable":true,"href":"https:\/\/agora.xtec.cat\/ceip-catalunya-sabadell\/wp-json\/wp\/v2\/comments?post=4416"}],"version-history":[{"count":3,"href":"https:\/\/agora.xtec.cat\/ceip-catalunya-sabadell\/wp-json\/wp\/v2\/posts\/4416\/revisions"}],"predecessor-version":[{"id":4442,"href":"https:\/\/agora.xtec.cat\/ceip-catalunya-sabadell\/wp-json\/wp\/v2\/posts\/4416\/revisions\/4442"}],"wp:featuredmedia":[{"embeddable":true,"href":"https:\/\/agora.xtec.cat\/ceip-catalunya-sabadell\/wp-json\/wp\/v2\/media\/4417"}],"wp:attachment":[{"href":"https:\/\/agora.xtec.cat\/ceip-catalunya-sabadell\/wp-json\/wp\/v2\/media?parent=4416"}],"wp:term":[{"taxonomy":"category","embeddable":true,"href":"https:\/\/agora.xtec.cat\/ceip-catalunya-sabadell\/wp-json\/wp\/v2\/categories?post=4416"},{"taxonomy":"post_tag","embeddable":true,"href":"https:\/\/agora.xtec.cat\/ceip-catalunya-sabadell\/wp-json\/wp\/v2\/tags?post=4416"}],"curies":[{"name":"wp","href":"https:\/\/api.w.org\/{rel}","templated":true}]}}