{"id":4404,"date":"2021-12-21T16:00:49","date_gmt":"2021-12-21T15:00:49","guid":{"rendered":"https:\/\/agora.xtec.cat\/ceip-catalunya-sabadell\/?p=4404"},"modified":"2021-12-16T16:37:15","modified_gmt":"2021-12-16T15:37:15","slug":"bones-festes-2","status":"publish","type":"post","link":"https:\/\/agora.xtec.cat\/ceip-catalunya-sabadell\/portada\/bones-festes-2\/","title":{"rendered":"BONES FESTES"},"content":{"rendered":"<div>Benvolgudes fam\u00edlies,<\/div>\n<div><\/div>\n<div>aquest any, us volem felicitar les festes, no amb UNA&#8230; sin\u00f3 amb DINOU postals de Nadal digitals que han creat els nois i noies de 5\u00e8 per a totes les classes de l&#8217;escola, des de P3 fins a 6\u00e8.<\/div>\n<div>Si cliqueu aquest\u00a0<a href=\"https:\/\/scratch.mit.edu\/studios\/30683302\" target=\"_blank\" rel=\"noopener\" data-saferedirecturl=\"https:\/\/www.google.com\/url?q=https:\/\/scratch.mit.edu\/studios\/30683302&amp;source=gmail&amp;ust=1639749623280000&amp;usg=AOvVaw0eyhxy4Mdk8JFanwlIrRfN\">ENLLA\u00c7<\/a>\u00a0\u00a0trobareu els seus projectes i clicant a sobre de cadascun d&#8217;ells, podreu gaudir amb els seus efectes visuals i sonors.<\/div>\n<div>Esperem que us agradi molt i us desitgem que gaudiu d&#8217;unes bones festes.<\/div>\n<div dir=\"ltr\"><\/div>\n<div dir=\"ltr\"><\/div>\n<div dir=\"ltr\"><a href=\"https:\/\/scratch.mit.edu\/studios\/30683302\"><img loading=\"lazy\" decoding=\"async\" class=\"alignnone\" src=\"https:\/\/mail.google.com\/mail\/u\/0?ui=2&amp;ik=968c87357b&amp;attid=0.1&amp;permmsgid=msg-a:r7294623319425452763&amp;view=fimg&amp;fur=ip&amp;sz=s0-l75-ft&amp;attbid=ANGjdJ-vr5Zze6Q0pQ3evdaD-b00AVZ-9Fn7WJ5P5aFazwnZpwr_Jiu0yR8Fp9V05_rd3Wa8udbshO18dYtcCNEcX9fHXzuKn0bXCvmo5Yn9ntb2P7XL4ZJ2m2byIBU&amp;disp=emb&amp;realattid=ii_kx8xnww81\" alt=\"POSTALS NADAL 2021.png\" width=\"240\" height=\"542\" data-surl=\"cid:ii_kx8xnww81\" data-image-whitelisted=\"\" \/><\/a><a href=\"https:\/\/scratch.mit.edu\/studios\/30683302\"><img loading=\"lazy\" decoding=\"async\" class=\"alignnone size-full wp-image-4406\" src=\"https:\/\/agora.xtec.cat\/ceip-catalunya-sabadell\/wp-content\/uploads\/usu823\/2021\/12\/BON-NADAL2-1.png\" alt=\"\" width=\"480\" height=\"476\" srcset=\"https:\/\/agora.xtec.cat\/ceip-catalunya-sabadell\/wp-content\/uploads\/usu823\/2021\/12\/BON-NADAL2-1.png 480w, https:\/\/agora.xtec.cat\/ceip-catalunya-sabadell\/wp-content\/uploads\/usu823\/2021\/12\/BON-NADAL2-1-300x298.png 300w, https:\/\/agora.xtec.cat\/ceip-catalunya-sabadell\/wp-content\/uploads\/usu823\/2021\/12\/BON-NADAL2-1-150x150.png 150w\" sizes=\"auto, (max-width: 480px) 100vw, 480px\" \/><\/a><\/div>\n<div dir=\"ltr\"><\/div>\n<div><\/div>\n","protected":false},"excerpt":{"rendered":"<p>Benvolgudes fam\u00edlies,<\/p>\n<p>aquest any, us volem felicitar les festes, no amb UNA&#8230; sin\u00f3 amb DINOU postals de Nadal digitals que han creat els nois i noies de 5\u00e8 per a totes les classes de l&#8217;escola, des de P3 fins a 6\u00e8.<br \/>\nSi cliqueu aquest\u00a0<a href=\"https:\/\/scratch.mit.edu\/studios\/30683302\" target=\"_blank\" rel=\"noopener\"&hellip;  <a href=\"https:\/\/agora.xtec.cat\/ceip-catalunya-sabadell\/portada\/bones-festes-2\/\" title=\"Read BONES FESTES\">Llegeix m\u00e9s\u00bb<\/a><\/p>\n","protected":false},"author":3,"featured_media":4405,"comment_status":"open","ping_status":"closed","sticky":false,"template":"","format":"standard","meta":{"_bbp_topic_count":0,"_bbp_reply_count":0,"_bbp_total_topic_count":0,"_bbp_total_reply_count":0,"_bbp_voice_count":0,"_bbp_anonymous_reply_count":0,"_bbp_topic_count_hidden":0,"_bbp_reply_count_hidden":0,"_bbp_forum_subforum_count":0,"footnotes":""},"categories":[36,4],"tags":[],"class_list":["post-4404","post","type-post","status-publish","format-standard","has-post-thumbnail","hentry","category-festes","category-portada"],"post_mailing_queue_ids":[],"_links":{"self":[{"href":"https:\/\/agora.xtec.cat\/ceip-catalunya-sabadell\/wp-json\/wp\/v2\/posts\/4404","targetHints":{"allow":["GET"]}}],"collection":[{"href":"https:\/\/agora.xtec.cat\/ceip-catalunya-sabadell\/wp-json\/wp\/v2\/posts"}],"about":[{"href":"https:\/\/agora.xtec.cat\/ceip-catalunya-sabadell\/wp-json\/wp\/v2\/types\/post"}],"author":[{"embeddable":true,"href":"https:\/\/agora.xtec.cat\/ceip-catalunya-sabadell\/wp-json\/wp\/v2\/users\/3"}],"replies":[{"embeddable":true,"href":"https:\/\/agora.xtec.cat\/ceip-catalunya-sabadell\/wp-json\/wp\/v2\/comments?post=4404"}],"version-history":[{"count":1,"href":"https:\/\/agora.xtec.cat\/ceip-catalunya-sabadell\/wp-json\/wp\/v2\/posts\/4404\/revisions"}],"predecessor-version":[{"id":4407,"href":"https:\/\/agora.xtec.cat\/ceip-catalunya-sabadell\/wp-json\/wp\/v2\/posts\/4404\/revisions\/4407"}],"wp:featuredmedia":[{"embeddable":true,"href":"https:\/\/agora.xtec.cat\/ceip-catalunya-sabadell\/wp-json\/wp\/v2\/media\/4405"}],"wp:attachment":[{"href":"https:\/\/agora.xtec.cat\/ceip-catalunya-sabadell\/wp-json\/wp\/v2\/media?parent=4404"}],"wp:term":[{"taxonomy":"category","embeddable":true,"href":"https:\/\/agora.xtec.cat\/ceip-catalunya-sabadell\/wp-json\/wp\/v2\/categories?post=4404"},{"taxonomy":"post_tag","embeddable":true,"href":"https:\/\/agora.xtec.cat\/ceip-catalunya-sabadell\/wp-json\/wp\/v2\/tags?post=4404"}],"curies":[{"name":"wp","href":"https:\/\/api.w.org\/{rel}","templated":true}]}}