{"id":4398,"date":"2021-12-16T15:02:41","date_gmt":"2021-12-16T14:02:41","guid":{"rendered":"https:\/\/agora.xtec.cat\/ceip-catalunya-sabadell\/?p=4398"},"modified":"2021-12-16T15:02:41","modified_gmt":"2021-12-16T14:02:41","slug":"preparem-la-canco-de-nadal","status":"publish","type":"post","link":"https:\/\/agora.xtec.cat\/ceip-catalunya-sabadell\/musica\/preparem-la-canco-de-nadal\/","title":{"rendered":"PREPAREM LA CAN\u00c7O DE NADAL."},"content":{"rendered":"<p>Hola families !<\/p>\n<p>Com cada any per aquestes dates , a la classe de m\u00fasica estem aprenent la can\u00e7\u00f3 de Nadal.<\/p>\n<p>Aqu\u00ed us deixo el v\u00cddeo amb la lletra , aix\u00ed que nom\u00e9s us falta cantar-la molt i molt per acabar aprenent-la molt b\u00e9.<\/p>\n<p>A CANTAR!!!<\/p>\n<p><iframe loading=\"lazy\" src=\"\/\/www.youtube.com\/embed\/-_iYj4_Hhxc\" width=\"560\" height=\"314\"><\/iframe><\/p>\n","protected":false},"excerpt":{"rendered":"<p>Hola families !<br \/>\nCom cada any per aquestes dates , a la classe de m\u00fasica estem aprenent la can\u00e7\u00f3 de Nadal.<br \/>\nAqu\u00ed us deixo el v\u00cddeo amb la lletra , aix\u00ed que nom\u00e9s us falta cantar-la molt i molt per acabar aprenent-la molt b\u00e9.<br \/>\nA CANTAR!!!<\/p>\n","protected":false},"author":16,"featured_media":4403,"comment_status":"open","ping_status":"closed","sticky":false,"template":"","format":"standard","meta":{"_bbp_topic_count":0,"_bbp_reply_count":0,"_bbp_total_topic_count":0,"_bbp_total_reply_count":0,"_bbp_voice_count":0,"_bbp_anonymous_reply_count":0,"_bbp_topic_count_hidden":0,"_bbp_reply_count_hidden":0,"_bbp_forum_subforum_count":0,"footnotes":""},"categories":[118,44],"tags":[122,98,82],"class_list":["post-4398","post","type-post","status-publish","format-standard","has-post-thumbnail","hentry","category-promocio19-28","category-musica","tag-educacion-infantil","tag-musica","tag-nadal"],"post_mailing_queue_ids":[],"_links":{"self":[{"href":"https:\/\/agora.xtec.cat\/ceip-catalunya-sabadell\/wp-json\/wp\/v2\/posts\/4398","targetHints":{"allow":["GET"]}}],"collection":[{"href":"https:\/\/agora.xtec.cat\/ceip-catalunya-sabadell\/wp-json\/wp\/v2\/posts"}],"about":[{"href":"https:\/\/agora.xtec.cat\/ceip-catalunya-sabadell\/wp-json\/wp\/v2\/types\/post"}],"author":[{"embeddable":true,"href":"https:\/\/agora.xtec.cat\/ceip-catalunya-sabadell\/wp-json\/wp\/v2\/users\/16"}],"replies":[{"embeddable":true,"href":"https:\/\/agora.xtec.cat\/ceip-catalunya-sabadell\/wp-json\/wp\/v2\/comments?post=4398"}],"version-history":[{"count":1,"href":"https:\/\/agora.xtec.cat\/ceip-catalunya-sabadell\/wp-json\/wp\/v2\/posts\/4398\/revisions"}],"predecessor-version":[{"id":4400,"href":"https:\/\/agora.xtec.cat\/ceip-catalunya-sabadell\/wp-json\/wp\/v2\/posts\/4398\/revisions\/4400"}],"wp:featuredmedia":[{"embeddable":true,"href":"https:\/\/agora.xtec.cat\/ceip-catalunya-sabadell\/wp-json\/wp\/v2\/media\/4403"}],"wp:attachment":[{"href":"https:\/\/agora.xtec.cat\/ceip-catalunya-sabadell\/wp-json\/wp\/v2\/media?parent=4398"}],"wp:term":[{"taxonomy":"category","embeddable":true,"href":"https:\/\/agora.xtec.cat\/ceip-catalunya-sabadell\/wp-json\/wp\/v2\/categories?post=4398"},{"taxonomy":"post_tag","embeddable":true,"href":"https:\/\/agora.xtec.cat\/ceip-catalunya-sabadell\/wp-json\/wp\/v2\/tags?post=4398"}],"curies":[{"name":"wp","href":"https:\/\/api.w.org\/{rel}","templated":true}]}}