{"id":4379,"date":"2021-11-26T15:30:43","date_gmt":"2021-11-26T14:30:43","guid":{"rendered":"https:\/\/agora.xtec.cat\/ceip-catalunya-sabadell\/?p=4379"},"modified":"2021-11-26T15:19:20","modified_gmt":"2021-11-26T14:19:20","slug":"resultat-concurs-logo-40e-aniversari","status":"publish","type":"post","link":"https:\/\/agora.xtec.cat\/ceip-catalunya-sabadell\/portada\/resultat-concurs-logo-40e-aniversari\/","title":{"rendered":"RESULTAT CONCURS LOGO 40\u00e8 aniversari"},"content":{"rendered":"<p>Com sabeu, tots els infants de l&#8217;escola des de p3 a 6\u00e8 han dissenyat uns n\u00fameros 40 molt ben guarnits per commemorar el 40\u00e8 aniversari de l&#8217;escola. Durant aquesta setmana, tot el personal de l&#8217;escola, alumnat, mestres, personal de cuina i monitors\/es de menjador, l&#8217;administrativa i el conserge han votat el n\u00famero que m\u00e9s els agradava. Ha estat una decisi\u00f3 dif\u00edcil, ja que totes les mostres eren molt originals i art\u00edstiques.<\/p>\n<p>Avui hem fet el recompte&#8230; i aqu\u00ed us deixem els resultats dels m\u00e9s votats:<\/p>\n<p>N\u00daMERO 18: 130 vots<\/p>\n<p>N\u00daMERO 5: 97 vots<\/p>\n<p>N\u00daMERO 1: 35 vots<\/p>\n<p>N\u00daMERO 14: 30 vots<\/p>\n<p>N\u00daMERO 9: 20 vots<\/p>\n<p>Aix\u00ed doncs, estem molt contentes i emocionades d&#8217;anunciar-vos que el n\u00famero 18 ser\u00e0 el nostre logo del 40\u00e8 aniversari!!!<\/p>\n<p>Us deixem un v\u00eddeo del moment en qu\u00e8 ho hem comunicat als nens i nenes: <a href=\"https:\/\/drive.google.com\/file\/d\/18nTKXlZEilQecrOBXs_c8e9uUFIjq-u_\/view?usp=sharing\">V\u00cdDEO<\/a><\/p>\n<p><img loading=\"lazy\" decoding=\"async\" class=\"alignnone size-full wp-image-4380\" src=\"https:\/\/agora.xtec.cat\/ceip-catalunya-sabadell\/wp-content\/uploads\/usu823\/2021\/11\/IMG-2772-petita.jpg\" alt=\"\" width=\"2426\" height=\"2091\" srcset=\"https:\/\/agora.xtec.cat\/ceip-catalunya-sabadell\/wp-content\/uploads\/usu823\/2021\/11\/IMG-2772-petita.jpg 2426w, https:\/\/agora.xtec.cat\/ceip-catalunya-sabadell\/wp-content\/uploads\/usu823\/2021\/11\/IMG-2772-petita-300x259.jpg 300w, https:\/\/agora.xtec.cat\/ceip-catalunya-sabadell\/wp-content\/uploads\/usu823\/2021\/11\/IMG-2772-petita-1024x883.jpg 1024w, https:\/\/agora.xtec.cat\/ceip-catalunya-sabadell\/wp-content\/uploads\/usu823\/2021\/11\/IMG-2772-petita-768x662.jpg 768w, https:\/\/agora.xtec.cat\/ceip-catalunya-sabadell\/wp-content\/uploads\/usu823\/2021\/11\/IMG-2772-petita-1536x1324.jpg 1536w, https:\/\/agora.xtec.cat\/ceip-catalunya-sabadell\/wp-content\/uploads\/usu823\/2021\/11\/IMG-2772-petita-2048x1765.jpg 2048w\" sizes=\"auto, (max-width: 2426px) 100vw, 2426px\" \/><\/p>\n","protected":false},"excerpt":{"rendered":"<p>Com sabeu, tots els infants de l&#8217;escola des de p3 a 6\u00e8 han dissenyat uns n\u00fameros 40 molt ben guarnits per commemorar el 40\u00e8 aniversari de l&#8217;escola. Durant aquesta setmana, tot el personal de l&#8217;escola, alumnat, mestres, personal de cuina i monitors\/es de menjador, l&#8217;administrativa&hellip;  <a href=\"https:\/\/agora.xtec.cat\/ceip-catalunya-sabadell\/portada\/resultat-concurs-logo-40e-aniversari\/\" title=\"Read RESULTAT CONCURS LOGO 40\u00e8 aniversari\">Llegeix m\u00e9s\u00bb<\/a><\/p>\n","protected":false},"author":3,"featured_media":4380,"comment_status":"open","ping_status":"closed","sticky":false,"template":"","format":"standard","meta":{"_bbp_topic_count":0,"_bbp_reply_count":0,"_bbp_total_topic_count":0,"_bbp_total_reply_count":0,"_bbp_voice_count":0,"_bbp_anonymous_reply_count":0,"_bbp_topic_count_hidden":0,"_bbp_reply_count_hidden":0,"_bbp_forum_subforum_count":0,"footnotes":""},"categories":[4],"tags":[],"class_list":["post-4379","post","type-post","status-publish","format-standard","has-post-thumbnail","hentry","category-portada"],"post_mailing_queue_ids":[],"_links":{"self":[{"href":"https:\/\/agora.xtec.cat\/ceip-catalunya-sabadell\/wp-json\/wp\/v2\/posts\/4379","targetHints":{"allow":["GET"]}}],"collection":[{"href":"https:\/\/agora.xtec.cat\/ceip-catalunya-sabadell\/wp-json\/wp\/v2\/posts"}],"about":[{"href":"https:\/\/agora.xtec.cat\/ceip-catalunya-sabadell\/wp-json\/wp\/v2\/types\/post"}],"author":[{"embeddable":true,"href":"https:\/\/agora.xtec.cat\/ceip-catalunya-sabadell\/wp-json\/wp\/v2\/users\/3"}],"replies":[{"embeddable":true,"href":"https:\/\/agora.xtec.cat\/ceip-catalunya-sabadell\/wp-json\/wp\/v2\/comments?post=4379"}],"version-history":[{"count":2,"href":"https:\/\/agora.xtec.cat\/ceip-catalunya-sabadell\/wp-json\/wp\/v2\/posts\/4379\/revisions"}],"predecessor-version":[{"id":4382,"href":"https:\/\/agora.xtec.cat\/ceip-catalunya-sabadell\/wp-json\/wp\/v2\/posts\/4379\/revisions\/4382"}],"wp:featuredmedia":[{"embeddable":true,"href":"https:\/\/agora.xtec.cat\/ceip-catalunya-sabadell\/wp-json\/wp\/v2\/media\/4380"}],"wp:attachment":[{"href":"https:\/\/agora.xtec.cat\/ceip-catalunya-sabadell\/wp-json\/wp\/v2\/media?parent=4379"}],"wp:term":[{"taxonomy":"category","embeddable":true,"href":"https:\/\/agora.xtec.cat\/ceip-catalunya-sabadell\/wp-json\/wp\/v2\/categories?post=4379"},{"taxonomy":"post_tag","embeddable":true,"href":"https:\/\/agora.xtec.cat\/ceip-catalunya-sabadell\/wp-json\/wp\/v2\/tags?post=4379"}],"curies":[{"name":"wp","href":"https:\/\/api.w.org\/{rel}","templated":true}]}}