{"id":4374,"date":"2021-11-25T16:10:36","date_gmt":"2021-11-25T15:10:36","guid":{"rendered":"https:\/\/agora.xtec.cat\/ceip-catalunya-sabadell\/?p=4374"},"modified":"2021-11-25T16:11:35","modified_gmt":"2021-11-25T15:11:35","slug":"santa-cecilia-3","status":"publish","type":"post","link":"https:\/\/agora.xtec.cat\/ceip-catalunya-sabadell\/general\/santa-cecilia-3\/","title":{"rendered":"SANTA CEC\u00cdLIA!"},"content":{"rendered":"<p>Hola Catalunyeres i Catalunyeros!!<\/p>\n<p>El dilluns 22 de novembre vam celebrar Santa Cec\u00edlia d&#8217;una manera molt especial! Aix\u00ed doncs, ens agradaria compartir amb tots i totes vosaltres un <a href=\"https:\/\/drive.google.com\/drive\/folders\/1uA06PTkRG-D8ruL-PCs8pwFW41n-Hvw0?usp=sharing\">recull de fotos i v\u00eddeos<\/a> de les actuacions realitzades al llarg de tot el dia!<\/p>\n<p class=\"_04xlpA direction-ltr align-center para-style-body\"><span class=\"JsGRdQ\">Aquest any hem volgut dedicar-lo al moment que estem vivint ara, al present! Com ja sabeu, comencem a fer vida normal despr\u00e9s d\u2019un moment dur&#8230; una pand\u00e8mia. \u00c9s per aix\u00f2 que hem escollit un conjunt de can\u00e7ons que ens transmeten i parlen de temes com l\u2019esperan\u00e7a, la felicitat, i moltes altres coses, per\u00f2 sobretot de la tornada a la &#8220;nova normalitat&#8221;.<\/span><\/p>\n<p class=\"_04xlpA direction-ltr align-center para-style-body\"><span class=\"JsGRdQ\">Aix\u00ed doncs, esperem que gaudiu i sentiu la nostra energia positiva per a seguir lluitant i tirant endavant tant com ho vam fer nosaltres el passat dilluns!<\/span><\/p>\n<p>Moltes gr\u00e0cies!<\/p>\n<p><a href=\"https:\/\/agora.xtec.cat\/ceip-catalunya-sabadell\/wp-content\/uploads\/usu823\/2021\/11\/IMG-20211125-WA0037.jpg\"><img loading=\"lazy\" decoding=\"async\" class=\"alignnone size-large wp-image-4377\" src=\"https:\/\/agora.xtec.cat\/ceip-catalunya-sabadell\/wp-content\/uploads\/usu823\/2021\/11\/IMG-20211125-WA0037-1024x768.jpg\" alt=\"\" width=\"1024\" height=\"768\" srcset=\"https:\/\/agora.xtec.cat\/ceip-catalunya-sabadell\/wp-content\/uploads\/usu823\/2021\/11\/IMG-20211125-WA0037-1024x768.jpg 1024w, https:\/\/agora.xtec.cat\/ceip-catalunya-sabadell\/wp-content\/uploads\/usu823\/2021\/11\/IMG-20211125-WA0037-300x225.jpg 300w, https:\/\/agora.xtec.cat\/ceip-catalunya-sabadell\/wp-content\/uploads\/usu823\/2021\/11\/IMG-20211125-WA0037-768x576.jpg 768w, https:\/\/agora.xtec.cat\/ceip-catalunya-sabadell\/wp-content\/uploads\/usu823\/2021\/11\/IMG-20211125-WA0037-1536x1153.jpg 1536w, https:\/\/agora.xtec.cat\/ceip-catalunya-sabadell\/wp-content\/uploads\/usu823\/2021\/11\/IMG-20211125-WA0037-200x150.jpg 200w, https:\/\/agora.xtec.cat\/ceip-catalunya-sabadell\/wp-content\/uploads\/usu823\/2021\/11\/IMG-20211125-WA0037.jpg 1599w\" sizes=\"auto, (max-width: 1024px) 100vw, 1024px\" \/><\/a><\/p>\n","protected":false},"excerpt":{"rendered":"<p>Hola Catalunyeres i Catalunyeros!!<br \/>\nEl dilluns 22 de novembre vam celebrar Santa Cec\u00edlia d&#8217;una manera molt especial! Aix\u00ed doncs, ens agradaria compartir amb tots i totes vosaltres un <a href=\"https:\/\/drive.google.com\/drive\/folders\/1uA06PTkRG-D8ruL-PCs8pwFW41n-Hvw0?usp=sharing\">recull de fotos i v\u00eddeos<\/a> de les actuacions realitzades al llarg de tot el dia!<br \/>\nAquest any hem&hellip;  <a href=\"https:\/\/agora.xtec.cat\/ceip-catalunya-sabadell\/general\/santa-cecilia-3\/\" title=\"Read SANTA CEC\u00cdLIA!\">Llegeix m\u00e9s\u00bb<\/a><\/p>\n","protected":false},"author":3,"featured_media":4377,"comment_status":"open","ping_status":"closed","sticky":false,"template":"","format":"standard","meta":{"_bbp_topic_count":0,"_bbp_reply_count":0,"_bbp_total_topic_count":0,"_bbp_total_reply_count":0,"_bbp_voice_count":0,"_bbp_anonymous_reply_count":0,"_bbp_topic_count_hidden":0,"_bbp_reply_count_hidden":0,"_bbp_forum_subforum_count":0,"footnotes":""},"categories":[1,44,4],"tags":[],"class_list":["post-4374","post","type-post","status-publish","format-standard","has-post-thumbnail","hentry","category-general","category-musica","category-portada"],"post_mailing_queue_ids":[],"_links":{"self":[{"href":"https:\/\/agora.xtec.cat\/ceip-catalunya-sabadell\/wp-json\/wp\/v2\/posts\/4374","targetHints":{"allow":["GET"]}}],"collection":[{"href":"https:\/\/agora.xtec.cat\/ceip-catalunya-sabadell\/wp-json\/wp\/v2\/posts"}],"about":[{"href":"https:\/\/agora.xtec.cat\/ceip-catalunya-sabadell\/wp-json\/wp\/v2\/types\/post"}],"author":[{"embeddable":true,"href":"https:\/\/agora.xtec.cat\/ceip-catalunya-sabadell\/wp-json\/wp\/v2\/users\/3"}],"replies":[{"embeddable":true,"href":"https:\/\/agora.xtec.cat\/ceip-catalunya-sabadell\/wp-json\/wp\/v2\/comments?post=4374"}],"version-history":[{"count":2,"href":"https:\/\/agora.xtec.cat\/ceip-catalunya-sabadell\/wp-json\/wp\/v2\/posts\/4374\/revisions"}],"predecessor-version":[{"id":4378,"href":"https:\/\/agora.xtec.cat\/ceip-catalunya-sabadell\/wp-json\/wp\/v2\/posts\/4374\/revisions\/4378"}],"wp:featuredmedia":[{"embeddable":true,"href":"https:\/\/agora.xtec.cat\/ceip-catalunya-sabadell\/wp-json\/wp\/v2\/media\/4377"}],"wp:attachment":[{"href":"https:\/\/agora.xtec.cat\/ceip-catalunya-sabadell\/wp-json\/wp\/v2\/media?parent=4374"}],"wp:term":[{"taxonomy":"category","embeddable":true,"href":"https:\/\/agora.xtec.cat\/ceip-catalunya-sabadell\/wp-json\/wp\/v2\/categories?post=4374"},{"taxonomy":"post_tag","embeddable":true,"href":"https:\/\/agora.xtec.cat\/ceip-catalunya-sabadell\/wp-json\/wp\/v2\/tags?post=4374"}],"curies":[{"name":"wp","href":"https:\/\/api.w.org\/{rel}","templated":true}]}}