{"id":4359,"date":"2021-11-18T16:12:10","date_gmt":"2021-11-18T15:12:10","guid":{"rendered":"https:\/\/agora.xtec.cat\/ceip-catalunya-sabadell\/?p=4359"},"modified":"2021-11-18T16:12:10","modified_gmt":"2021-11-18T15:12:10","slug":"sortida-a-la-mola-3r-primaria","status":"publish","type":"post","link":"https:\/\/agora.xtec.cat\/ceip-catalunya-sabadell\/general\/sortida-a-la-mola-3r-primaria\/","title":{"rendered":"Sortida a la Mola, 3r prim\u00e0ria"},"content":{"rendered":"<p>A 3r estem estudiant els paisatges de Catalunya i vam pensar que podr\u00edem pujar a la Mola per veure tot el paisatge des d&#8217;all\u00e0 dalt. Va ser una gran idea, ja que vam localitzar els Pirineus, el Prepirineu i la serralada litoral. Va ser un gran dia i ens ho vam passar molt b\u00e9.<\/p>\n<p>Aqu\u00ed teniu un enlla\u00e7 per veure les fotos i els v\u00eddeos que vam fer.<\/p>\n<p><a href=\"https:\/\/drive.google.com\/drive\/folders\/1ABhXVXbUIqK5rRmtXmTmIvy1H-mJ4SRU?usp=sharing\">3r A<\/a><\/p>\n<p><a href=\"https:\/\/drive.google.com\/drive\/folders\/151K3BSF2Zvez6l-1I_XJQ1XJjguJ2jv4?usp=sharing\">3r B<\/a><\/p>\n<p>&nbsp;<\/p>\n","protected":false},"excerpt":{"rendered":"<p>A 3r estem estudiant els paisatges de Catalunya i vam pensar que podr\u00edem pujar a la Mola per veure tot el paisatge des d&#8217;all\u00e0 dalt. Va ser una gran idea, ja que vam localitzar els Pirineus, el Prepirineu i la serralada litoral. Va ser un&hellip;  <a href=\"https:\/\/agora.xtec.cat\/ceip-catalunya-sabadell\/general\/sortida-a-la-mola-3r-primaria\/\" title=\"Read Sortida a la Mola, 3r prim\u00e0ria\">Llegeix m\u00e9s\u00bb<\/a><\/p>\n","protected":false},"author":60,"featured_media":0,"comment_status":"open","ping_status":"closed","sticky":false,"template":"","format":"standard","meta":{"_bbp_topic_count":0,"_bbp_reply_count":0,"_bbp_total_topic_count":0,"_bbp_total_reply_count":0,"_bbp_voice_count":0,"_bbp_anonymous_reply_count":0,"_bbp_topic_count_hidden":0,"_bbp_reply_count_hidden":0,"_bbp_forum_subforum_count":0,"footnotes":""},"categories":[1],"tags":[],"class_list":["post-4359","post","type-post","status-publish","format-standard","hentry","category-general"],"post_mailing_queue_ids":[],"_links":{"self":[{"href":"https:\/\/agora.xtec.cat\/ceip-catalunya-sabadell\/wp-json\/wp\/v2\/posts\/4359","targetHints":{"allow":["GET"]}}],"collection":[{"href":"https:\/\/agora.xtec.cat\/ceip-catalunya-sabadell\/wp-json\/wp\/v2\/posts"}],"about":[{"href":"https:\/\/agora.xtec.cat\/ceip-catalunya-sabadell\/wp-json\/wp\/v2\/types\/post"}],"author":[{"embeddable":true,"href":"https:\/\/agora.xtec.cat\/ceip-catalunya-sabadell\/wp-json\/wp\/v2\/users\/60"}],"replies":[{"embeddable":true,"href":"https:\/\/agora.xtec.cat\/ceip-catalunya-sabadell\/wp-json\/wp\/v2\/comments?post=4359"}],"version-history":[{"count":1,"href":"https:\/\/agora.xtec.cat\/ceip-catalunya-sabadell\/wp-json\/wp\/v2\/posts\/4359\/revisions"}],"predecessor-version":[{"id":4360,"href":"https:\/\/agora.xtec.cat\/ceip-catalunya-sabadell\/wp-json\/wp\/v2\/posts\/4359\/revisions\/4360"}],"wp:attachment":[{"href":"https:\/\/agora.xtec.cat\/ceip-catalunya-sabadell\/wp-json\/wp\/v2\/media?parent=4359"}],"wp:term":[{"taxonomy":"category","embeddable":true,"href":"https:\/\/agora.xtec.cat\/ceip-catalunya-sabadell\/wp-json\/wp\/v2\/categories?post=4359"},{"taxonomy":"post_tag","embeddable":true,"href":"https:\/\/agora.xtec.cat\/ceip-catalunya-sabadell\/wp-json\/wp\/v2\/tags?post=4359"}],"curies":[{"name":"wp","href":"https:\/\/api.w.org\/{rel}","templated":true}]}}