{"id":4334,"date":"2021-11-03T08:52:50","date_gmt":"2021-11-03T07:52:50","guid":{"rendered":"https:\/\/agora.xtec.cat\/ceip-catalunya-sabadell\/?p=4334"},"modified":"2021-11-03T08:52:50","modified_gmt":"2021-11-03T07:52:50","slug":"eleccions-al-consell-escolar-2021","status":"publish","type":"post","link":"https:\/\/agora.xtec.cat\/ceip-catalunya-sabadell\/portada\/eleccions-al-consell-escolar-2021\/","title":{"rendered":"ELECCIONS AL CONSELL ESCOLAR 2021"},"content":{"rendered":"<p style=\"font-weight: 400;\">Enguany s&#8217;inicia el proc\u00e9s d&#8217;eleccions al Consell Escolar a tots els centres. Els pares i mares tindreu a la vostra disposici\u00f3 el cens de pares i mares (llistat alfab\u00e8tic de tots els pares i mares de l&#8217;escola), al taulell d&#8217;anuncis situat al porxo de l&#8217;escola (p\u00e0rquing). S&#8217;ha de consultar per reclamar possibles errades.<\/p>\n<p style=\"font-weight: 400;\">Necessitem renovar 4 persones del sector fam\u00edlies, us animem a qu\u00e8 us presenteu, \u00e9s una bona oportunitat per a con\u00e8ixer l&#8217;escola des d&#8217;una altra perspectiva.<\/p>\n<p style=\"font-weight: 400;\">CALENDARI ELECTORAL<\/p>\n<p style=\"font-weight: 400;\">&#8211;\u00a0\u00a0\u00a0\u00a0\u00a0\u00a0\u00a0\u00a0\u00a0\u00a0Publicaci\u00f3 del cens electoral provisional: 2 de novembre<\/p>\n<p style=\"font-weight: 400;\">&#8211;\u00a0\u00a0\u00a0\u00a0\u00a0\u00a0\u00a0\u00a0\u00a0\u00a0Reclamacions al cens electoral: del 5 al 8 de novembre<\/p>\n<p style=\"font-weight: 400;\">&#8211;\u00a0\u00a0\u00a0\u00a0\u00a0\u00a0\u00a0\u00a0\u00a0\u00a0Resoluci\u00f3 de les reclamacions al cens electoral i publicaci\u00f3: 9 de novembre<\/p>\n<p style=\"font-weight: 400;\">&#8211;\u00a0\u00a0\u00a0\u00a0\u00a0\u00a0\u00a0\u00a0\u00a0\u00a0Sorteig designaci\u00f3 membres mesa electoral: 10 de novembre a les 16:30h<\/p>\n<p style=\"font-weight: 400;\">&#8211;\u00a0\u00a0\u00a0\u00a0\u00a0\u00a0\u00a0\u00a0\u00a0\u00a0Constituci\u00f3 de la mesa electoral: 11 de novembre a les 16:30<\/p>\n<p style=\"font-weight: 400;\">&#8211;\u00a0\u00a0\u00a0\u00a0\u00a0\u00a0\u00a0\u00a0\u00a0\u00a0Presentaci\u00f3 de candidatures: fins el 15 de novembre<\/p>\n<p style=\"font-weight: 400;\">&#8211;\u00a0\u00a0\u00a0\u00a0\u00a0\u00a0\u00a0\u00a0\u00a0\u00a0Publicaci\u00f3 de Candidatures: 16 de novembre<\/p>\n<p style=\"font-weight: 400;\">&#8211;\u00a0\u00a0\u00a0\u00a0\u00a0\u00a0\u00a0\u00a0\u00a0\u00a0Votacions sector fam\u00edlies: \u00a0dimecres 24 de novembre de 9:10h a 17:00h (vest\u00edbul de l&#8217;escola, entrada pel porxo del p\u00e0rquing)<\/p>\n<p style=\"font-weight: 400;\">&#8211;\u00a0\u00a0\u00a0\u00a0\u00a0\u00a0\u00a0\u00a0\u00a0\u00a0Constituci\u00f3 del Nou Consell Escolar: dimecres dia 15 de desembre a les 20h<\/p>\n<p style=\"font-weight: 400;\">Adjuntem el document per a <a href=\"https:\/\/drive.google.com\/file\/d\/1EreDWX7-NonEaHKVySUOIABX9BOoI046\/view?usp=sharing\">presentar candidatura<\/a> i per a ser <a href=\"https:\/\/drive.google.com\/file\/d\/1EgvJkNqBhWrqpvXru2mLBmzi9TGBm4bH\/view?usp=sharing\">supervisor\/a<\/a> el dia de les eleccions.<\/p>\n<p style=\"font-weight: 400;\">Tamb\u00e9 us deixem l\u2019enlla\u00e7 on trobareu m\u00e9s informaci\u00f3 sobre tot el proc\u00e9s:\u00a0<a href=\"https:\/\/educacio.gencat.cat\/ca\/arees-actuacio\/centres-serveis-educatius\/centres\/consells-escolars-centres\/eleccions-2021\/\" data-saferedirecturl=\"https:\/\/www.google.com\/url?q=https:\/\/educacio.gencat.cat\/ca\/arees-actuacio\/centres-serveis-educatius\/centres\/consells-escolars-centres\/eleccions-2021\/&amp;source=gmail&amp;ust=1636011419149000&amp;usg=AFQjCNHsXjFNTKI40WtPnkzNzwuTnyaiVQ\">https:\/\/educacio.gencat.cat\/ca\/arees-actuacio\/centres-serveis-educatius\/centres\/consells-escolars-centres\/eleccions-2021\/<\/a><\/p>\n<p style=\"font-weight: 400;\">Trobareu informaci\u00f3 de totes les dades significatives del proc\u00e9s al taulell d&#8217;anuncis del porxo de l&#8217;escola (p\u00e0rquing).<\/p>\n<p style=\"font-weight: 400;\">\n","protected":false},"excerpt":{"rendered":"<p>Enguany s&#8217;inicia el proc\u00e9s d&#8217;eleccions al Consell Escolar a tots els centres. Els pares i mares tindreu a la vostra disposici\u00f3 el cens de pares i mares (llistat alfab\u00e8tic de tots els pares i mares de l&#8217;escola), al taulell d&#8217;anuncis situat al porxo de l&#8217;escola&hellip;  <a href=\"https:\/\/agora.xtec.cat\/ceip-catalunya-sabadell\/portada\/eleccions-al-consell-escolar-2021\/\" title=\"Read ELECCIONS AL CONSELL ESCOLAR 2021\">Llegeix m\u00e9s\u00bb<\/a><\/p>\n","protected":false},"author":3,"featured_media":0,"comment_status":"open","ping_status":"closed","sticky":false,"template":"","format":"standard","meta":{"_bbp_topic_count":0,"_bbp_reply_count":0,"_bbp_total_topic_count":0,"_bbp_total_reply_count":0,"_bbp_voice_count":0,"_bbp_anonymous_reply_count":0,"_bbp_topic_count_hidden":0,"_bbp_reply_count_hidden":0,"_bbp_forum_subforum_count":0,"footnotes":""},"categories":[4],"tags":[129],"class_list":["post-4334","post","type-post","status-publish","format-standard","hentry","category-portada","tag-consell-escolar"],"post_mailing_queue_ids":[],"_links":{"self":[{"href":"https:\/\/agora.xtec.cat\/ceip-catalunya-sabadell\/wp-json\/wp\/v2\/posts\/4334","targetHints":{"allow":["GET"]}}],"collection":[{"href":"https:\/\/agora.xtec.cat\/ceip-catalunya-sabadell\/wp-json\/wp\/v2\/posts"}],"about":[{"href":"https:\/\/agora.xtec.cat\/ceip-catalunya-sabadell\/wp-json\/wp\/v2\/types\/post"}],"author":[{"embeddable":true,"href":"https:\/\/agora.xtec.cat\/ceip-catalunya-sabadell\/wp-json\/wp\/v2\/users\/3"}],"replies":[{"embeddable":true,"href":"https:\/\/agora.xtec.cat\/ceip-catalunya-sabadell\/wp-json\/wp\/v2\/comments?post=4334"}],"version-history":[{"count":1,"href":"https:\/\/agora.xtec.cat\/ceip-catalunya-sabadell\/wp-json\/wp\/v2\/posts\/4334\/revisions"}],"predecessor-version":[{"id":4335,"href":"https:\/\/agora.xtec.cat\/ceip-catalunya-sabadell\/wp-json\/wp\/v2\/posts\/4334\/revisions\/4335"}],"wp:attachment":[{"href":"https:\/\/agora.xtec.cat\/ceip-catalunya-sabadell\/wp-json\/wp\/v2\/media?parent=4334"}],"wp:term":[{"taxonomy":"category","embeddable":true,"href":"https:\/\/agora.xtec.cat\/ceip-catalunya-sabadell\/wp-json\/wp\/v2\/categories?post=4334"},{"taxonomy":"post_tag","embeddable":true,"href":"https:\/\/agora.xtec.cat\/ceip-catalunya-sabadell\/wp-json\/wp\/v2\/tags?post=4334"}],"curies":[{"name":"wp","href":"https:\/\/api.w.org\/{rel}","templated":true}]}}