{"id":4330,"date":"2021-11-03T16:19:09","date_gmt":"2021-11-03T15:19:09","guid":{"rendered":"https:\/\/agora.xtec.cat\/ceip-catalunya-sabadell\/?p=4330"},"modified":"2021-11-03T16:19:09","modified_gmt":"2021-11-03T15:19:09","slug":"la-castanyada-2","status":"publish","type":"post","link":"https:\/\/agora.xtec.cat\/ceip-catalunya-sabadell\/general\/la-castanyada-2\/","title":{"rendered":"LA CASTANYADA"},"content":{"rendered":"<p>La tardor ha arribat, i amb ella, un any m\u00e9s, la castanyada a l&#8217;escola hem celebrat amb un munt d&#8217;activitats: ens han visitat les castanyeres i el castanyer i ens han explicat contes a la vora del foc, hem cantat can\u00e7ons de Halloween en angl\u00e8s, hem ballat danses de tardor al pati i fins i tot, hem elaborat i degustat panellets que estaven bon\u00edssims.<\/p>\n<p>Us deixem un recull d&#8217;imatges de la festa&#8230; Mireu, mireu&#8230;<\/p>\n<p><a href=\"https:\/\/drive.google.com\/drive\/folders\/1wmZe-pw_5ExSWFET_g38j2Sv3L1arzyy?usp=sharing\"><img loading=\"lazy\" decoding=\"async\" class=\"alignnone size-full wp-image-4331\" src=\"https:\/\/agora.xtec.cat\/ceip-catalunya-sabadell\/wp-content\/uploads\/usu823\/2021\/11\/1-r-A-conte.jpg\" alt=\"\" width=\"1000\" height=\"750\" srcset=\"https:\/\/agora.xtec.cat\/ceip-catalunya-sabadell\/wp-content\/uploads\/usu823\/2021\/11\/1-r-A-conte.jpg 1000w, https:\/\/agora.xtec.cat\/ceip-catalunya-sabadell\/wp-content\/uploads\/usu823\/2021\/11\/1-r-A-conte-300x225.jpg 300w, https:\/\/agora.xtec.cat\/ceip-catalunya-sabadell\/wp-content\/uploads\/usu823\/2021\/11\/1-r-A-conte-768x576.jpg 768w, https:\/\/agora.xtec.cat\/ceip-catalunya-sabadell\/wp-content\/uploads\/usu823\/2021\/11\/1-r-A-conte-200x150.jpg 200w\" sizes=\"auto, (max-width: 1000px) 100vw, 1000px\" \/><\/a><\/p>\n<p>Mireu com ballem les danses de la tardor! Cliqueu a l&#8217;enlla\u00e7 per veure totes les danses<\/p>\n<p><a href=\"https:\/\/drive.google.com\/drive\/folders\/1qy4KtjYFGrqG0-DNuBwcZKI9ktQ6Odpz?usp=sharing\"><img loading=\"lazy\" decoding=\"async\" class=\"alignnone wp-image-4332\" src=\"https:\/\/agora.xtec.cat\/ceip-catalunya-sabadell\/wp-content\/uploads\/usu823\/2021\/11\/1r-A-dansa.jpg\" alt=\"\" width=\"993\" height=\"745\" srcset=\"https:\/\/agora.xtec.cat\/ceip-catalunya-sabadell\/wp-content\/uploads\/usu823\/2021\/11\/1r-A-dansa.jpg 1200w, https:\/\/agora.xtec.cat\/ceip-catalunya-sabadell\/wp-content\/uploads\/usu823\/2021\/11\/1r-A-dansa-300x225.jpg 300w, https:\/\/agora.xtec.cat\/ceip-catalunya-sabadell\/wp-content\/uploads\/usu823\/2021\/11\/1r-A-dansa-1024x768.jpg 1024w, https:\/\/agora.xtec.cat\/ceip-catalunya-sabadell\/wp-content\/uploads\/usu823\/2021\/11\/1r-A-dansa-768x576.jpg 768w, https:\/\/agora.xtec.cat\/ceip-catalunya-sabadell\/wp-content\/uploads\/usu823\/2021\/11\/1r-A-dansa-200x150.jpg 200w\" sizes=\"auto, (max-width: 993px) 100vw, 993px\" \/><\/a><\/p>\n<p>Cliqueu a la imatge per a veure com cantem les can\u00e7ons de Halloween:<\/p>\n<p><a href=\"https:\/\/drive.google.com\/drive\/folders\/1ZlliRFwvEtWPihdvkAWnph_cpF5kkSgO?usp=sharing\"><img loading=\"lazy\" decoding=\"async\" class=\"alignnone size-full wp-image-4336\" src=\"https:\/\/agora.xtec.cat\/ceip-catalunya-sabadell\/wp-content\/uploads\/usu823\/2021\/11\/Sense-titol.png\" alt=\"\" width=\"958\" height=\"455\" srcset=\"https:\/\/agora.xtec.cat\/ceip-catalunya-sabadell\/wp-content\/uploads\/usu823\/2021\/11\/Sense-titol.png 958w, https:\/\/agora.xtec.cat\/ceip-catalunya-sabadell\/wp-content\/uploads\/usu823\/2021\/11\/Sense-titol-300x142.png 300w, https:\/\/agora.xtec.cat\/ceip-catalunya-sabadell\/wp-content\/uploads\/usu823\/2021\/11\/Sense-titol-768x365.png 768w\" sizes=\"auto, (max-width: 958px) 100vw, 958px\" \/><\/a><\/p>\n<p>&nbsp;<\/p>\n","protected":false},"excerpt":{"rendered":"<p>La tardor ha arribat, i amb ella, un any m\u00e9s, la castanyada a l&#8217;escola hem celebrat amb un munt d&#8217;activitats: ens han visitat les castanyeres i el castanyer i ens han explicat contes a la vora del foc, hem cantat can\u00e7ons de Halloween en angl\u00e8s,&hellip;  <a href=\"https:\/\/agora.xtec.cat\/ceip-catalunya-sabadell\/general\/la-castanyada-2\/\" title=\"Read LA CASTANYADA\">Llegeix m\u00e9s\u00bb<\/a><\/p>\n","protected":false},"author":3,"featured_media":4331,"comment_status":"open","ping_status":"closed","sticky":false,"template":"","format":"standard","meta":{"_bbp_topic_count":0,"_bbp_reply_count":0,"_bbp_total_topic_count":0,"_bbp_total_reply_count":0,"_bbp_voice_count":0,"_bbp_anonymous_reply_count":0,"_bbp_topic_count_hidden":0,"_bbp_reply_count_hidden":0,"_bbp_forum_subforum_count":0,"footnotes":""},"categories":[36,1,4],"tags":[],"class_list":["post-4330","post","type-post","status-publish","format-standard","has-post-thumbnail","hentry","category-festes","category-general","category-portada"],"post_mailing_queue_ids":[],"_links":{"self":[{"href":"https:\/\/agora.xtec.cat\/ceip-catalunya-sabadell\/wp-json\/wp\/v2\/posts\/4330","targetHints":{"allow":["GET"]}}],"collection":[{"href":"https:\/\/agora.xtec.cat\/ceip-catalunya-sabadell\/wp-json\/wp\/v2\/posts"}],"about":[{"href":"https:\/\/agora.xtec.cat\/ceip-catalunya-sabadell\/wp-json\/wp\/v2\/types\/post"}],"author":[{"embeddable":true,"href":"https:\/\/agora.xtec.cat\/ceip-catalunya-sabadell\/wp-json\/wp\/v2\/users\/3"}],"replies":[{"embeddable":true,"href":"https:\/\/agora.xtec.cat\/ceip-catalunya-sabadell\/wp-json\/wp\/v2\/comments?post=4330"}],"version-history":[{"count":3,"href":"https:\/\/agora.xtec.cat\/ceip-catalunya-sabadell\/wp-json\/wp\/v2\/posts\/4330\/revisions"}],"predecessor-version":[{"id":4339,"href":"https:\/\/agora.xtec.cat\/ceip-catalunya-sabadell\/wp-json\/wp\/v2\/posts\/4330\/revisions\/4339"}],"wp:featuredmedia":[{"embeddable":true,"href":"https:\/\/agora.xtec.cat\/ceip-catalunya-sabadell\/wp-json\/wp\/v2\/media\/4331"}],"wp:attachment":[{"href":"https:\/\/agora.xtec.cat\/ceip-catalunya-sabadell\/wp-json\/wp\/v2\/media?parent=4330"}],"wp:term":[{"taxonomy":"category","embeddable":true,"href":"https:\/\/agora.xtec.cat\/ceip-catalunya-sabadell\/wp-json\/wp\/v2\/categories?post=4330"},{"taxonomy":"post_tag","embeddable":true,"href":"https:\/\/agora.xtec.cat\/ceip-catalunya-sabadell\/wp-json\/wp\/v2\/tags?post=4330"}],"curies":[{"name":"wp","href":"https:\/\/api.w.org\/{rel}","templated":true}]}}