{"id":4308,"date":"2021-09-30T12:20:42","date_gmt":"2021-09-30T10:20:42","guid":{"rendered":"https:\/\/agora.xtec.cat\/ceip-catalunya-sabadell\/?p=4308"},"modified":"2021-10-05T16:26:32","modified_gmt":"2021-10-05T14:26:32","slug":"estades-dimmersio-linguistica-en-angles-a-5e","status":"publish","type":"post","link":"https:\/\/agora.xtec.cat\/ceip-catalunya-sabadell\/portada\/estades-dimmersio-linguistica-en-angles-a-5e\/","title":{"rendered":"ESTADES D&#8217;IMMERSI\u00d3 LING\u00dc\u00cdSTICA EN ANGL\u00c8S a 5\u00e8"},"content":{"rendered":"<div>Estem molt contents d&#8217;explicar-vos que ja queda molt poc perqu\u00e8 l&#8217;alumnat de 5\u00e8 marxi de col\u00f2nies a l&#8217;alberg de <strong>Cabrera de Mar<\/strong>, els propers 20-21-22 d&#8217;octubre <a href=\"https:\/\/xanascat.gencat.cat\/ca\/albergs\/albergs\/cabrera-de-mar-xanascat\">https:\/\/xanascat.gencat.cat\/ca\/albergs\/albergs\/cabrera-de-mar-xanascat<\/a><\/div>\n<div>Com sabeu,\u00a0l&#8217;escola va participar al programa GEP (Generaci\u00f3 Pluriling\u00fce) en l&#8217;edici\u00f3 de 2017-2020 en qu\u00e8 el professorat d&#8217;angl\u00e8s va fer formaci\u00f3 per tal d&#8217;integrar l&#8217;angl\u00e8s dins d&#8217;una \u00e0rea curricular, en el nostre cas, les arts &amp; crafts i vam obtenir el reconeixement d&#8217;innovaci\u00f3 pedag\u00f2gica.<\/div>\n<div><\/div>\n<div><\/div>\n<div><\/div>\n<div>Per aquest fet, enguany ens han donat l&#8217;oportunitat de participar en unes\u00a0<strong>estades d&#8217;immersi\u00f3 ling\u00fc\u00edstica<\/strong> als albergs de la Xanascat\u00a0 amb l&#8217;objectiu de millorar la compet\u00e8ncia en llengua anglesa. El centre d&#8217;inter\u00e8s de les estades ser\u00e0 &#8220;English camp&#8221;\u00a0i inclour\u00e0 diferents tipologies d\u2019activitats (jocs f\u00edsics, gimcanes, manualitats, resoluci\u00f3 d\u2019enigmes, etc.), totes amb l&#8217;angl\u00e8s com a llengua vehicular.<\/div>\n<div><b>\u00a0<\/b><\/div>\n<div><img loading=\"lazy\" decoding=\"async\" class=\"CToWUd\" src=\"https:\/\/mail.google.com\/mail\/u\/0?ui=2&amp;ik=968c87357b&amp;attid=0.0.1&amp;permmsgid=msg-a:r-8189288097139396773&amp;th=17bf346c88427650&amp;view=fimg&amp;sz=s0-l75-ft&amp;attbid=ANGjdJ895bmdWD2WpwkjkFqlMgsoNUfbSktgYZaY3c1DTb0EwcfwWzTVrtS8sCs5IVDIhr3cyXfQvTZo0mI8hgL5iW0oIht-ElyJyAhqu6OHzMnPp2iFdyriHkAZvQE&amp;disp=emb&amp;realattid=ii_kto6r3md0\" alt=\"FSE_amb_lema.jpg\" width=\"318\" height=\"56\" data-image-whitelisted=\"\" \/>\u00a0 \u00a0 \u00a0 \u00a0 \u00a0 \u00a0 \u00a0 \u00a0 \u00a0 \u00a0 \u00a0 \u00a0 \u00a0 \u00a0<img loading=\"lazy\" decoding=\"async\" class=\"CToWUd\" src=\"https:\/\/mail.google.com\/mail\/u\/0?ui=2&amp;ik=968c87357b&amp;attid=0.0.2&amp;permmsgid=msg-a:r-8189288097139396773&amp;th=17bf346c88427650&amp;view=fimg&amp;sz=s0-l75-ft&amp;attbid=ANGjdJ9SvVe82vr-CDEsxusmM1ljoWbiRrE8_O1om4AGwEt3Tkrml68mCI-RgNTB49ySPhixedSDxH7x_obSIjmTN4fshUMPloyiOWsc4ku9XbTgj1L3bGxGl4kb-s4&amp;disp=emb&amp;realattid=ii_kto6tn2k1\" alt=\"logoministerio.jpg\" width=\"303\" height=\"75\" data-image-whitelisted=\"\" \/><\/div>\n<div><\/div>\n<div>Les estades d&#8217;immersi\u00f3 ling\u00fc\u00edstica estan\u00a0<b>subvencionades\u00a0<\/b>pel Ministeri d\u2019Educaci\u00f3 i Formaci\u00f3 Professional i cofinan\u00e7at pel Fons Social Europeu.<\/div>\n<div><b>\u00a0<\/b><\/div>\n<div>Ja comptem els dies que ens falten per anar-hi!!!<\/div>\n<div><\/div>\n<div><img loading=\"lazy\" decoding=\"async\" class=\"alignnone size-full wp-image-4315\" src=\"https:\/\/agora.xtec.cat\/ceip-catalunya-sabadell\/wp-content\/uploads\/usu823\/2021\/09\/cartell-estades.jpg\" alt=\"\" width=\"1122\" height=\"791\" srcset=\"https:\/\/agora.xtec.cat\/ceip-catalunya-sabadell\/wp-content\/uploads\/usu823\/2021\/09\/cartell-estades.jpg 1122w, https:\/\/agora.xtec.cat\/ceip-catalunya-sabadell\/wp-content\/uploads\/usu823\/2021\/09\/cartell-estades-300x211.jpg 300w, https:\/\/agora.xtec.cat\/ceip-catalunya-sabadell\/wp-content\/uploads\/usu823\/2021\/09\/cartell-estades-1024x722.jpg 1024w, https:\/\/agora.xtec.cat\/ceip-catalunya-sabadell\/wp-content\/uploads\/usu823\/2021\/09\/cartell-estades-768x541.jpg 768w\" sizes=\"auto, (max-width: 1122px) 100vw, 1122px\" \/><\/div>\n<div><\/div>\n","protected":false},"excerpt":{"rendered":"<p>Estem molt contents d&#8217;explicar-vos que ja queda molt poc perqu\u00e8 l&#8217;alumnat de 5\u00e8 marxi de col\u00f2nies a l&#8217;alberg de Cabrera de Mar, els propers 20-21-22 d&#8217;octubre <a href=\"https:\/\/xanascat.gencat.cat\/ca\/albergs\/albergs\/cabrera-de-mar-xanascat\">https:\/\/xanascat.gencat.cat\/ca\/albergs\/albergs\/cabrera-de-mar-xanascat<\/a><br \/>\nCom sabeu,\u00a0l&#8217;escola va participar al programa GEP (Generaci\u00f3 Pluriling\u00fce) en l&#8217;edici\u00f3 de 2017-2020 en qu\u00e8 el professorat d&#8217;angl\u00e8s&hellip;  <a href=\"https:\/\/agora.xtec.cat\/ceip-catalunya-sabadell\/portada\/estades-dimmersio-linguistica-en-angles-a-5e\/\" title=\"Read ESTADES D&#8217;IMMERSI\u00d3 LING\u00dc\u00cdSTICA EN ANGL\u00c8S a 5\u00e8\">Llegeix m\u00e9s\u00bb<\/a><\/p>\n","protected":false},"author":3,"featured_media":4309,"comment_status":"open","ping_status":"closed","sticky":false,"template":"","format":"standard","meta":{"_bbp_topic_count":0,"_bbp_reply_count":0,"_bbp_total_topic_count":0,"_bbp_total_reply_count":0,"_bbp_voice_count":0,"_bbp_anonymous_reply_count":0,"_bbp_topic_count_hidden":0,"_bbp_reply_count_hidden":0,"_bbp_forum_subforum_count":0,"footnotes":""},"categories":[14,41,4],"tags":[126],"class_list":["post-4308","post","type-post","status-publish","format-standard","has-post-thumbnail","hentry","category-5e","category-english","category-portada","tag-estfse21"],"post_mailing_queue_ids":[],"_links":{"self":[{"href":"https:\/\/agora.xtec.cat\/ceip-catalunya-sabadell\/wp-json\/wp\/v2\/posts\/4308","targetHints":{"allow":["GET"]}}],"collection":[{"href":"https:\/\/agora.xtec.cat\/ceip-catalunya-sabadell\/wp-json\/wp\/v2\/posts"}],"about":[{"href":"https:\/\/agora.xtec.cat\/ceip-catalunya-sabadell\/wp-json\/wp\/v2\/types\/post"}],"author":[{"embeddable":true,"href":"https:\/\/agora.xtec.cat\/ceip-catalunya-sabadell\/wp-json\/wp\/v2\/users\/3"}],"replies":[{"embeddable":true,"href":"https:\/\/agora.xtec.cat\/ceip-catalunya-sabadell\/wp-json\/wp\/v2\/comments?post=4308"}],"version-history":[{"count":3,"href":"https:\/\/agora.xtec.cat\/ceip-catalunya-sabadell\/wp-json\/wp\/v2\/posts\/4308\/revisions"}],"predecessor-version":[{"id":4316,"href":"https:\/\/agora.xtec.cat\/ceip-catalunya-sabadell\/wp-json\/wp\/v2\/posts\/4308\/revisions\/4316"}],"wp:featuredmedia":[{"embeddable":true,"href":"https:\/\/agora.xtec.cat\/ceip-catalunya-sabadell\/wp-json\/wp\/v2\/media\/4309"}],"wp:attachment":[{"href":"https:\/\/agora.xtec.cat\/ceip-catalunya-sabadell\/wp-json\/wp\/v2\/media?parent=4308"}],"wp:term":[{"taxonomy":"category","embeddable":true,"href":"https:\/\/agora.xtec.cat\/ceip-catalunya-sabadell\/wp-json\/wp\/v2\/categories?post=4308"},{"taxonomy":"post_tag","embeddable":true,"href":"https:\/\/agora.xtec.cat\/ceip-catalunya-sabadell\/wp-json\/wp\/v2\/tags?post=4308"}],"curies":[{"name":"wp","href":"https:\/\/api.w.org\/{rel}","templated":true}]}}