{"id":4302,"date":"2021-09-27T13:12:39","date_gmt":"2021-09-27T11:12:39","guid":{"rendered":"https:\/\/agora.xtec.cat\/ceip-catalunya-sabadell\/?p=4302"},"modified":"2021-09-27T13:24:31","modified_gmt":"2021-09-27T11:24:31","slug":"reunions-families-21-22","status":"publish","type":"post","link":"https:\/\/agora.xtec.cat\/ceip-catalunya-sabadell\/portada\/reunions-families-21-22\/","title":{"rendered":"REUNIONS FAM\u00cdLIES 21-22"},"content":{"rendered":"<p>Les reunions d&#8217;inici de curs amb les fam\u00edlies seran <strong>\u00a0a les 17.30h <\/strong>els seg\u00fcents dies:<\/p>\n<table style=\"width: 17.1111%;\">\n<tbody>\n<tr>\n<td style=\"width: 22.4242%;\"><span style=\"font-weight: 400;\">P3<\/span><\/td>\n<td style=\"width: 112.727%;\"><span style=\"font-weight: 400;\">14 octubre<\/span><\/td>\n<\/tr>\n<tr>\n<td style=\"width: 22.4242%;\"><span style=\"font-weight: 400;\">P4<\/span><\/td>\n<td style=\"width: 112.727%;\"><span style=\"font-weight: 400;\">14 octubre<\/span><\/td>\n<\/tr>\n<tr>\n<td style=\"width: 22.4242%;\"><span style=\"font-weight: 400;\">P5<\/span><\/td>\n<td style=\"width: 112.727%;\"><span style=\"font-weight: 400;\">7 octubre<\/span><\/td>\n<\/tr>\n<tr>\n<td style=\"width: 22.4242%;\"><span style=\"font-weight: 400;\">1r<\/span><\/td>\n<td style=\"width: 112.727%;\"><span style=\"font-weight: 400;\">5 octubre<\/span><\/td>\n<\/tr>\n<tr>\n<td style=\"width: 22.4242%;\"><span style=\"font-weight: 400;\">2n<\/span><\/td>\n<td style=\"width: 112.727%;\"><span style=\"font-weight: 400;\">30 de setembre<\/span><\/td>\n<\/tr>\n<tr>\n<td style=\"width: 22.4242%;\"><span style=\"font-weight: 400;\">3r<\/span><\/td>\n<td style=\"width: 112.727%;\"><span style=\"font-weight: 400;\">29 de setembre<\/span><\/td>\n<\/tr>\n<tr>\n<td style=\"width: 22.4242%;\"><span style=\"font-weight: 400;\">4t<\/span><\/td>\n<td style=\"width: 112.727%;\"><span style=\"font-weight: 400;\">13 d&#8217;octubre<\/span><\/td>\n<\/tr>\n<tr>\n<td style=\"width: 22.4242%;\"><span style=\"font-weight: 400;\">5\u00e8<\/span><\/td>\n<td style=\"width: 112.727%;\"><span style=\"font-weight: 400;\">13 d&#8217;octubre<\/span><\/td>\n<\/tr>\n<tr>\n<td style=\"width: 22.4242%;\"><span style=\"font-weight: 400;\">6\u00e8<\/span><\/td>\n<td style=\"width: 112.727%;\"><span style=\"font-weight: 400;\">7 d&#8217;octubre<\/span><\/td>\n<\/tr>\n<\/tbody>\n<\/table>\n<p>Cada tutor\/a us far\u00e0 arribar l&#8217;enlla\u00e7 de la <strong>reuni\u00f3 virtual<\/strong> per <strong>correu electr\u00f2nic<\/strong> per fer la connexi\u00f3 a trav\u00e9s del meet.<\/p>\n","protected":false},"excerpt":{"rendered":"<p>Les reunions d&#8217;inici de curs amb les fam\u00edlies seran \u00a0a les 17.30h els seg\u00fcents dies:<\/p>\n<p>P3<br \/>\n14 octubre<\/p>\n<p>P4<br \/>\n14 octubre<\/p>\n<p>P5<br \/>\n7 octubre<\/p>\n<p>1r<br \/>\n5 octubre<\/p>\n<p>2n<br \/>\n30 de setembre<\/p>\n<p>3r<br \/>\n29 de setembre<\/p>\n<p>4t<br \/>\n13 d&#8217;octubre<\/p>\n<p>5\u00e8<br \/>\n13 d&#8217;octubre<\/p>\n<p>6\u00e8<br \/>\n7 d&#8217;octubre<\/p>\n<p>Cada tutor\/a us far\u00e0 arribar l&#8217;enlla\u00e7 de la reuni\u00f3 virtual per correu electr\u00f2nic per fer la connexi\u00f3 a trav\u00e9s del&hellip;  <a href=\"https:\/\/agora.xtec.cat\/ceip-catalunya-sabadell\/portada\/reunions-families-21-22\/\" title=\"Read REUNIONS FAM\u00cdLIES 21-22\">Llegeix m\u00e9s\u00bb<\/a><\/p>\n","protected":false},"author":3,"featured_media":0,"comment_status":"open","ping_status":"closed","sticky":false,"template":"","format":"standard","meta":{"_bbp_topic_count":0,"_bbp_reply_count":0,"_bbp_total_topic_count":0,"_bbp_total_reply_count":0,"_bbp_voice_count":0,"_bbp_anonymous_reply_count":0,"_bbp_topic_count_hidden":0,"_bbp_reply_count_hidden":0,"_bbp_forum_subforum_count":0,"footnotes":""},"categories":[4],"tags":[],"class_list":["post-4302","post","type-post","status-publish","format-standard","hentry","category-portada"],"post_mailing_queue_ids":[],"_links":{"self":[{"href":"https:\/\/agora.xtec.cat\/ceip-catalunya-sabadell\/wp-json\/wp\/v2\/posts\/4302","targetHints":{"allow":["GET"]}}],"collection":[{"href":"https:\/\/agora.xtec.cat\/ceip-catalunya-sabadell\/wp-json\/wp\/v2\/posts"}],"about":[{"href":"https:\/\/agora.xtec.cat\/ceip-catalunya-sabadell\/wp-json\/wp\/v2\/types\/post"}],"author":[{"embeddable":true,"href":"https:\/\/agora.xtec.cat\/ceip-catalunya-sabadell\/wp-json\/wp\/v2\/users\/3"}],"replies":[{"embeddable":true,"href":"https:\/\/agora.xtec.cat\/ceip-catalunya-sabadell\/wp-json\/wp\/v2\/comments?post=4302"}],"version-history":[{"count":3,"href":"https:\/\/agora.xtec.cat\/ceip-catalunya-sabadell\/wp-json\/wp\/v2\/posts\/4302\/revisions"}],"predecessor-version":[{"id":4307,"href":"https:\/\/agora.xtec.cat\/ceip-catalunya-sabadell\/wp-json\/wp\/v2\/posts\/4302\/revisions\/4307"}],"wp:attachment":[{"href":"https:\/\/agora.xtec.cat\/ceip-catalunya-sabadell\/wp-json\/wp\/v2\/media?parent=4302"}],"wp:term":[{"taxonomy":"category","embeddable":true,"href":"https:\/\/agora.xtec.cat\/ceip-catalunya-sabadell\/wp-json\/wp\/v2\/categories?post=4302"},{"taxonomy":"post_tag","embeddable":true,"href":"https:\/\/agora.xtec.cat\/ceip-catalunya-sabadell\/wp-json\/wp\/v2\/tags?post=4302"}],"curies":[{"name":"wp","href":"https:\/\/api.w.org\/{rel}","templated":true}]}}