{"id":4272,"date":"2021-06-29T11:55:57","date_gmt":"2021-06-29T09:55:57","guid":{"rendered":"http:\/\/agora.xtec.cat\/ceip-catalunya-sabadell\/?p=4272"},"modified":"2021-06-29T11:56:27","modified_gmt":"2021-06-29T09:56:27","slug":"pintem-cathotels","status":"publish","type":"post","link":"https:\/\/agora.xtec.cat\/ceip-catalunya-sabadell\/portada\/pintem-cathotels\/","title":{"rendered":"Pintem Cathotels"},"content":{"rendered":"<p>Aquest \u00faltim trimestre els nens i nenes de 4rt hem estat de sort, ja que ens han ofert la possibilitat de poder participar en un projecte anomenat &#8220;Decorem mons felins&#8221;, on l&#8217;objectiu era con\u00e8ixer i aprendre una mica m\u00e9s sobre les col\u00f2nies de gats de la nostra ciutat. Vam comen\u00e7ar amb un parell de xerrades sobre &#8220;Conviv\u00e8ncia responsable&#8221; i &#8220;Les col\u00f2nies felines&#8221;. A continuaci\u00f3 vam fer un Kahoot interactiu i, finalment, vam sortir al pati per decorar i pintar, com si f\u00f3ssim &#8220;grafiters&#8221;, dos cathotels que serviran d&#8217;aixopluc i casa per gats ferals de la ciutat.<\/p>\n<p>Ha estat una experi\u00e8ncia inoblidable. <a href=\"https:\/\/photos.app.goo.gl\/CvswhDpvUwPs9Xe68\">Aqu\u00ed us deixem un petit recull d&#8217;aquest projecte<\/a>.<a href=\"https:\/\/agora.xtec.cat\/ceip-catalunya-sabadell\/wp-content\/uploads\/usu823\/2021\/06\/esta.jpg\"><img loading=\"lazy\" decoding=\"async\" class=\"alignnone wp-image-4273\" src=\"https:\/\/agora.xtec.cat\/ceip-catalunya-sabadell\/wp-content\/uploads\/usu823\/2021\/06\/esta-768x1024.jpg\" alt=\"\" width=\"232\" height=\"309\" srcset=\"https:\/\/agora.xtec.cat\/ceip-catalunya-sabadell\/wp-content\/uploads\/usu823\/2021\/06\/esta-768x1024.jpg 768w, https:\/\/agora.xtec.cat\/ceip-catalunya-sabadell\/wp-content\/uploads\/usu823\/2021\/06\/esta-225x300.jpg 225w\" sizes=\"auto, (max-width: 232px) 100vw, 232px\" \/><\/a><\/p>\n","protected":false},"excerpt":{"rendered":"<p>Aquest \u00faltim trimestre els nens i nenes de 4rt hem estat de sort, ja que ens han ofert la possibilitat de poder participar en un projecte anomenat &#8220;Decorem mons felins&#8221;, on l&#8217;objectiu era con\u00e8ixer i aprendre una mica m\u00e9s sobre les col\u00f2nies de gats de&hellip;  <a href=\"https:\/\/agora.xtec.cat\/ceip-catalunya-sabadell\/portada\/pintem-cathotels\/\" title=\"Read Pintem Cathotels\">Llegeix m\u00e9s\u00bb<\/a><\/p>\n","protected":false},"author":60,"featured_media":4273,"comment_status":"open","ping_status":"closed","sticky":false,"template":"","format":"standard","meta":{"_bbp_topic_count":0,"_bbp_reply_count":0,"_bbp_total_topic_count":0,"_bbp_total_reply_count":0,"_bbp_voice_count":0,"_bbp_anonymous_reply_count":0,"_bbp_topic_count_hidden":0,"_bbp_reply_count_hidden":0,"_bbp_forum_subforum_count":0,"footnotes":""},"categories":[13,38,4],"tags":[],"class_list":["post-4272","post","type-post","status-publish","format-standard","has-post-thumbnail","hentry","category-4t","category-sostenible","category-portada"],"post_mailing_queue_ids":[],"_links":{"self":[{"href":"https:\/\/agora.xtec.cat\/ceip-catalunya-sabadell\/wp-json\/wp\/v2\/posts\/4272","targetHints":{"allow":["GET"]}}],"collection":[{"href":"https:\/\/agora.xtec.cat\/ceip-catalunya-sabadell\/wp-json\/wp\/v2\/posts"}],"about":[{"href":"https:\/\/agora.xtec.cat\/ceip-catalunya-sabadell\/wp-json\/wp\/v2\/types\/post"}],"author":[{"embeddable":true,"href":"https:\/\/agora.xtec.cat\/ceip-catalunya-sabadell\/wp-json\/wp\/v2\/users\/60"}],"replies":[{"embeddable":true,"href":"https:\/\/agora.xtec.cat\/ceip-catalunya-sabadell\/wp-json\/wp\/v2\/comments?post=4272"}],"version-history":[{"count":2,"href":"https:\/\/agora.xtec.cat\/ceip-catalunya-sabadell\/wp-json\/wp\/v2\/posts\/4272\/revisions"}],"predecessor-version":[{"id":4275,"href":"https:\/\/agora.xtec.cat\/ceip-catalunya-sabadell\/wp-json\/wp\/v2\/posts\/4272\/revisions\/4275"}],"wp:featuredmedia":[{"embeddable":true,"href":"https:\/\/agora.xtec.cat\/ceip-catalunya-sabadell\/wp-json\/wp\/v2\/media\/4273"}],"wp:attachment":[{"href":"https:\/\/agora.xtec.cat\/ceip-catalunya-sabadell\/wp-json\/wp\/v2\/media?parent=4272"}],"wp:term":[{"taxonomy":"category","embeddable":true,"href":"https:\/\/agora.xtec.cat\/ceip-catalunya-sabadell\/wp-json\/wp\/v2\/categories?post=4272"},{"taxonomy":"post_tag","embeddable":true,"href":"https:\/\/agora.xtec.cat\/ceip-catalunya-sabadell\/wp-json\/wp\/v2\/tags?post=4272"}],"curies":[{"name":"wp","href":"https:\/\/api.w.org\/{rel}","templated":true}]}}